{"id":27775,"date":"2011-01-24T16:05:21","date_gmt":"2011-01-24T15:05:21","guid":{"rendered":"http:\/\/www.hier-luebeck.de\/?p=27775"},"modified":"2011-01-24T16:05:21","modified_gmt":"2011-01-24T15:05:21","slug":"9-treffen-des-buntekuh-forums-am-kommenden-montag","status":"publish","type":"post","link":"https:\/\/hier-luebeck.de\/index.php\/9-treffen-des-buntekuh-forums-am-kommenden-montag\/","title":{"rendered":"9. Treffen des Buntekuh-Forums am kommenden Montag"},"content":{"rendered":"<p>R\u00fcckblick und Ausblick \u2013 B\u00fcrger k\u00f6nnen eigene Ideen und Vorstellung einbringen<\/p>\n<p>Auch im neuen Jahr veranstalten die Hansestadt L\u00fcbeck und das Quartiersmanagement plankontor das Buntekuh-Forum. Das nunmehr neunte Treffen des Buntekuh-Forums findet statt am Montag, 31. Januar 2011, um 18 Uhr im Vereinsheim (Blockh\u00fctte) des SC Buntekuh, Koggenweg 1.<!--more--><\/p>\n<p>Ende 2010 endete die 1. F\u00f6rderperiode des Programms \u201eSoziale Stadt\u201c in Buntekuh. Aus diesem Anlass soll auf dem kommenden Treffen ein Blick zur\u00fcckgeworfen und kurz und knapp berichtet werden, was bisher zu den einzelnen Handlungsfeldern geschehen ist. Weiter wird die Planung zur Umgestaltung des Wiesentals abschlie\u00dfend vorgestellt sowie \u00fcber die neu in 2011 angelaufenen Projekte \u201eSt\u00e4rken vor Ort\u201c informiert. Zudem wird \u00fcber die Erweiterung der Kita Bugenhagen I und der Kita Schaluppenweg zu Familienzentren berichtet, auch wenn diese nicht in Zusammenhang mit dem Programm \u201eSoziale Stadt\u201c stehen.<\/p>\n<p>Interessierte sind herzlich eingeladen, sich auf dem Buntekuh-Forum \u00fcber aktuelle Projekte und Ma\u00dfnahmen zu informieren. Dort haben die B\u00fcrgerinnen und B\u00fcrger die M\u00f6glichkeit, das Stadtteilgeschehen ein St\u00fcck weit mitzugestalten, indem sie gemeinsam mit den Veranstalter Ma\u00dfnahmen und Projekte beraten, weitere Ideen zur Stadtteilentwicklung einbringen oder auf St\u00e4rken und Schw\u00e4chen des Stadtteils aufmerksam machen.<\/p>\n<p>Die Veranstaltung dauert rund zwei Stunden.<\/p>\n","protected":false},"excerpt":{"rendered":"<p>R\u00fcckblick und Ausblick \u2013 B\u00fcrger k\u00f6nnen eigene Ideen und Vorstellung einbringen Auch im neuen Jahr veranstalten die Hansestadt L\u00fcbeck und<\/p>\n","protected":false},"author":3,"featured_media":0,"comment_status":"open","ping_status":"open","sticky":false,"template":"","format":"standard","meta":{"colormag_page_container_layout":"default_layout","colormag_page_sidebar_layout":"default_layout","footnotes":""},"categories":[14],"tags":[],"class_list":["post-27775","post","type-post","status-publish","format-standard","hentry","category-tipps-informationen"],"_links":{"self":[{"href":"https:\/\/hier-luebeck.de\/index.php\/wp-json\/wp\/v2\/posts\/27775","targetHints":{"allow":["GET"]}}],"collection":[{"href":"https:\/\/hier-luebeck.de\/index.php\/wp-json\/wp\/v2\/posts"}],"about":[{"href":"https:\/\/hier-luebeck.de\/index.php\/wp-json\/wp\/v2\/types\/post"}],"author":[{"embeddable":true,"href":"https:\/\/hier-luebeck.de\/index.php\/wp-json\/wp\/v2\/users\/3"}],"replies":[{"embeddable":true,"href":"https:\/\/hier-luebeck.de\/index.php\/wp-json\/wp\/v2\/comments?post=27775"}],"version-history":[{"count":0,"href":"https:\/\/hier-luebeck.de\/index.php\/wp-json\/wp\/v2\/posts\/27775\/revisions"}],"wp:attachment":[{"href":"https:\/\/hier-luebeck.de\/index.php\/wp-json\/wp\/v2\/media?parent=27775"}],"wp:term":[{"taxonomy":"category","embeddable":true,"href":"https:\/\/hier-luebeck.de\/index.php\/wp-json\/wp\/v2\/categories?post=27775"},{"taxonomy":"post_tag","embeddable":true,"href":"https:\/\/hier-luebeck.de\/index.php\/wp-json\/wp\/v2\/tags?post=27775"}],"curies":[{"name":"wp","href":"https:\/\/api.w.org\/{rel}","templated":true}]}}