{"id":27820,"date":"2011-01-25T19:49:44","date_gmt":"2011-01-25T18:49:44","guid":{"rendered":"http:\/\/www.hier-luebeck.de\/?p=27820"},"modified":"2011-01-25T22:10:42","modified_gmt":"2011-01-25T21:10:42","slug":"ipn-potential-zur-exzellenz-bescheinigt-gemeinsame-wissenschaftskonferenz-beschliest-forschungsforderung-fur-weitere-sieben-jahre","status":"publish","type":"post","link":"https:\/\/hier-luebeck.de\/index.php\/ipn-potential-zur-exzellenz-bescheinigt-gemeinsame-wissenschaftskonferenz-beschliest-forschungsforderung-fur-weitere-sieben-jahre\/","title":{"rendered":"IPN Potential zur Exzellenz bescheinigt: Gemeinsame Wissenschaftskonferenz beschlie\u00dft Forschungsf\u00f6rderung f\u00fcr weitere sieben Jahre"},"content":{"rendered":"<div>\n<p><img loading=\"lazy\" decoding=\"async\" class=\"alignleft\" title=\"Quelle: IPN\" src=\"http:\/\/www.schleswig-holstein.de\/cae\/servlet\/contentblob\/970576\/normal\/IPN_Fahnen.jpg\" alt=\"Quelle: IPN\" width=\"280\" height=\"210\" \/>Wissenschaftsminister Jost de Jager  gratuliert IPN zum herausragenden Ergebnis und dankt Mitarbeitern f\u00fcr  ihr \u00fcberdurchschnittliches Engagement<\/p>\n<\/div>\n<p>Quelle:\u00a0<cite>IPN &#8211;  Institut f\u00fcr die P\u00e4dagogik der Naturwissenschaften und Mathematik<\/cite><\/p>\n<p>Potential zur Exzellenz<\/p>\n<p>In seiner turnusm\u00e4\u00dfigen Evaluierung der au\u00dferuniversit\u00e4ren  Forschungseinrichtungen hat der Senat der Leibniz-Gemeinschaft die  Arbeiten des Instituts f\u00fcr die P\u00e4dagogik der Naturwissenschaften und  Mathematik &#8211; IPN als sehr bedeutende Impulse f\u00fcr die  Erziehungswissenschaft in Deutschland bewertet.<!--more--> Die wissenschaftliche  Arbeit der meisten Arbeitsbereiche wird als sehr gut, in Teilen als  exzellent und die wissenschaftlichen Dienstleistungen als hervorragend  bescheinigt. Einige Arbeitsbereiche haben das Potential zur Exzellenz.  Der Senat hat daher der Gemeinsamen Wissenschaftskonferenz empfohlen,  das IPN als Einrichtung der Forschung und wissenschaftlichen  Infrastruktur f\u00fcr weitere sieben Jahre uneingeschr\u00e4nkt durch Bund und  L\u00e4nder gemeinsam zu f\u00f6rdern.<\/p>\n<h4>\u00dcberdurchschnittliches Engagement<\/h4>\n<p>In seiner heutigen Sitzung (25. Januar) folgte der Ausschuss der  Gemeinsamen Wissenschaftskonferenz dieser Empfehlung und best\u00e4tigte die  weitere F\u00f6rderf\u00e4higkeit des IPN. \u201eZu dem herausragenden Erfolg, der das  Ergebnis \u00fcberdurchschnittlichen Engagements aller Mitarbeiterinnen und  Mitarbeiter des Instituts ist, gratuliere ich herzlich\u201c, sagte  Wissenschaftsminister Jost de Jager. Er danke dem IPN zugleich f\u00fcr den  sehr wichtigen Beitrag zur Weiterentwicklung der  schleswig-holsteinischen Forschungslandschaft. Er sei zuversichtlich,  dass es dem IPN &#8211; motiviert durch die Stellungnahme des Senats &#8211; in den  kommenden Jahren gelingen werde, das hohe Niveau wissenschaftlicher  Forschung zu erhalten oder sogar noch zu steigern.<\/p>\n<p><img loading=\"lazy\" decoding=\"async\" class=\"alignleft\" title=\"Geb\u00e4ude IPN\" src=\"http:\/\/www.schleswig-holstein.de\/cae\/servlet\/contentblob\/970454\/normal\/IPNGebaeude.jpg\" alt=\"Geb\u00e4ude IPN\" width=\"280\" height=\"210\" \/> Quelle:\u00a0<cite>IPN &#8211; Institut f\u00fcr die P\u00e4dagogik der Naturwissenschaften und Mathematik<\/cite><\/p>\n<h4>Das Institut<\/h4>\n<p>Die Arbeitsschwerpunkte des IPN liegen in der Untersuchung von  mathematisch-naturwissenschaftlichen Bildungsprozessen im Lebensverlauf  sowie deren Voraussetzungen und Ergebnissen. Das IPN erhielt im Rahmen  der gemeinsamen Forschungsf\u00f6rderung von Bund und L\u00e4ndern 2010 rund  sieben Millionen Euro. Davon trugen der Bund mit rund 3,5 Millionen Euro  die H\u00e4lfte, Schleswig-Holstein als Sitzland rund 2,7 Millionen Euro und  alle L\u00e4nder zusammen die verbleibenden 800.000 Euro. Daneben standen  dem IPN 2010 weitere rund f\u00fcnf Millionen Euro Drittmittel f\u00fcr die  Forschungsaktivit\u00e4ten seiner 95 Mitarbeiter zur Verf\u00fcgung. Besonders  durch die teilweise federf\u00fchrende Betreuung der PISA-Studien erbrachte  das Institut Arbeiten, deren Ergebnisse international stark wahrgenommen  wurden.<\/p>\n<p>\ufeff<\/p>\n","protected":false},"excerpt":{"rendered":"<p>Wissenschaftsminister Jost de Jager gratuliert IPN zum herausragenden Ergebnis und dankt Mitarbeitern f\u00fcr ihr \u00fcberdurchschnittliches Engagement Quelle:\u00a0IPN &#8211; Institut f\u00fcr<\/p>\n","protected":false},"author":3,"featured_media":0,"comment_status":"open","ping_status":"open","sticky":false,"template":"","format":"standard","meta":{"colormag_page_container_layout":"default_layout","colormag_page_sidebar_layout":"default_layout","footnotes":""},"categories":[5],"tags":[],"class_list":["post-27820","post","type-post","status-publish","format-standard","hentry","category-politik-wirtschaft"],"_links":{"self":[{"href":"https:\/\/hier-luebeck.de\/index.php\/wp-json\/wp\/v2\/posts\/27820","targetHints":{"allow":["GET"]}}],"collection":[{"href":"https:\/\/hier-luebeck.de\/index.php\/wp-json\/wp\/v2\/posts"}],"about":[{"href":"https:\/\/hier-luebeck.de\/index.php\/wp-json\/wp\/v2\/types\/post"}],"author":[{"embeddable":true,"href":"https:\/\/hier-luebeck.de\/index.php\/wp-json\/wp\/v2\/users\/3"}],"replies":[{"embeddable":true,"href":"https:\/\/hier-luebeck.de\/index.php\/wp-json\/wp\/v2\/comments?post=27820"}],"version-history":[{"count":0,"href":"https:\/\/hier-luebeck.de\/index.php\/wp-json\/wp\/v2\/posts\/27820\/revisions"}],"wp:attachment":[{"href":"https:\/\/hier-luebeck.de\/index.php\/wp-json\/wp\/v2\/media?parent=27820"}],"wp:term":[{"taxonomy":"category","embeddable":true,"href":"https:\/\/hier-luebeck.de\/index.php\/wp-json\/wp\/v2\/categories?post=27820"},{"taxonomy":"post_tag","embeddable":true,"href":"https:\/\/hier-luebeck.de\/index.php\/wp-json\/wp\/v2\/tags?post=27820"}],"curies":[{"name":"wp","href":"https:\/\/api.w.org\/{rel}","templated":true}]}}