{"id":27898,"date":"2011-01-26T15:53:09","date_gmt":"2011-01-26T14:53:09","guid":{"rendered":"http:\/\/www.hier-luebeck.de\/?p=27898"},"modified":"2011-01-26T15:53:09","modified_gmt":"2011-01-26T14:53:09","slug":"hiller-ohm-fordert-eu-richtlinie-zur-umsetzung-der-behindertenrechtskonvention","status":"publish","type":"post","link":"https:\/\/hier-luebeck.de\/index.php\/hiller-ohm-fordert-eu-richtlinie-zur-umsetzung-der-behindertenrechtskonvention\/","title":{"rendered":"Hiller-Ohm fordert EU-Richtlinie zur Umsetzung der Behindertenrechtskonvention"},"content":{"rendered":"<p><a href=\"http:\/\/www.hier-luebeck.de\/wp-content\/uploads\/2010\/10\/hiller-ohm130309.jpg\"><img loading=\"lazy\" decoding=\"async\" class=\"alignleft size-full wp-image-23240\" title=\"hiller-ohm130309\" src=\"http:\/\/www.hier-luebeck.de\/wp-content\/uploads\/2010\/10\/hiller-ohm130309.jpg\" alt=\"\" width=\"125\" height=\"156\" \/><\/a>Nach Deutschland hat jetzt auch die  Europ\u00e4ische Union die UN-Konvention \u00fcber die Rechte von Menschen mit  Behinderungen ratifiziert. Die L\u00fcbecker Bundestagsabgeordnete Gabriele  Hiller-Ohm (SPD) beurteilt die Unterzeichnung der UN-Konvention als einen  Wendepunkt in der Europapolitik, dem weitere Schritte folgen m\u00fcssen.<br \/>\n<!--more-->Mit  der Vertragsunterzeichnung geht die EU einen gro\u00dfen Schritt in Richtung des  Ziels der Kommissionsstrategie, bis 2020 ein barrierefreies Europa f\u00fcr die rund  80 Millionen Europ\u00e4erinnen und Europ\u00e4er mit Behinderungen zu schaffen. \u201eDie EU  ist damit zum ersten Mal Partei einer internationalen Menschenrechtskonvention  geworden \u2013 und muss damit die Belange der Menschen mit Behinderungen zuk\u00fcnftig  in alle europ\u00e4ischen Entwicklungsprogramme einbeziehen\u201c, so Hiller-Ohm. \u201eUnd das  ist gut so: Die Sicherung der Teilhabe behinderter Menschen und das Ziel der  Inklusion haben in einer offenen Gesellschaft wie der EU, mit offenem  Binnenmarkt und Freiz\u00fcgigkeit, schon lange eine europ\u00e4ische  Dimension.\u201c<\/p>\n<p>Die Umsetzung der Konvention ist auf europ\u00e4ischer Ebene  allerdings genauso wenig gesichert wie auf nationaler und lokaler Ebene.  Verbindliche Ziele und Strategien f\u00fcr die volle Teilhabe behinderter Menschen  fehlen bislang. Hiller-Ohm: \u201eF\u00fcr mich ist eine eigenst\u00e4ndige  EU-Behindertenrechts-Richtlinie der n\u00e4chste logische Schritt. \u00dcber eine solche  Richtlinie k\u00f6nnen die Mitgliedsstaaten der EU zur Durchsetzung der Inklusion  verpflichtet werden.\u201c<\/p>\n<p>Auf nationaler Ebene arbeitet Hiller-Ohm in der  Begleitgruppe zur Umsetzung der UN-Behindertenrechtskonvention der  SPD-Bundestagsfraktion. Die Umsetzung f\u00fcr L\u00fcbeck \u2013 in enger Zusammenarbeit mit  den Betroffenen \u2013 ist ihr ein ebenso wichtiges Anliegen. Hiller-Ohm: \u201eSeit  langem bin ich mit dem Behindertenrat und den zust\u00e4ndigen Senatoren im Gespr\u00e4ch.  Viele Probleme sind wir schon angegangen: Fehlende barrierefreie  Autobriefk\u00e4sten, zu wenige und schlecht gestaltete Behinderten-WCs und vor allem  die mangelhafte Zug\u00e4nglichkeit von Geb\u00e4uden. Nun m\u00fcssen wir Wege finden, wie  trotz des Sparkurses L\u00fcbeck den Anforderungen der Behindertenrechtskonvention  gerecht werden kann. Dazu brauchen wir einen \u201eMasterplan Barrierefreiheit\u201c und  eine bessere Vernetzung der Initiativen von Bund, Land und Stadt in enger  Kooperation mit den Betroffenen.\u201c<\/p>\n","protected":false},"excerpt":{"rendered":"<p>Nach Deutschland hat jetzt auch die Europ\u00e4ische Union die UN-Konvention \u00fcber die Rechte von Menschen mit Behinderungen ratifiziert. Die L\u00fcbecker<\/p>\n","protected":false},"author":3,"featured_media":0,"comment_status":"open","ping_status":"open","sticky":false,"template":"","format":"standard","meta":{"colormag_page_container_layout":"default_layout","colormag_page_sidebar_layout":"default_layout","footnotes":""},"categories":[5],"tags":[],"class_list":["post-27898","post","type-post","status-publish","format-standard","hentry","category-politik-wirtschaft"],"_links":{"self":[{"href":"https:\/\/hier-luebeck.de\/index.php\/wp-json\/wp\/v2\/posts\/27898","targetHints":{"allow":["GET"]}}],"collection":[{"href":"https:\/\/hier-luebeck.de\/index.php\/wp-json\/wp\/v2\/posts"}],"about":[{"href":"https:\/\/hier-luebeck.de\/index.php\/wp-json\/wp\/v2\/types\/post"}],"author":[{"embeddable":true,"href":"https:\/\/hier-luebeck.de\/index.php\/wp-json\/wp\/v2\/users\/3"}],"replies":[{"embeddable":true,"href":"https:\/\/hier-luebeck.de\/index.php\/wp-json\/wp\/v2\/comments?post=27898"}],"version-history":[{"count":0,"href":"https:\/\/hier-luebeck.de\/index.php\/wp-json\/wp\/v2\/posts\/27898\/revisions"}],"wp:attachment":[{"href":"https:\/\/hier-luebeck.de\/index.php\/wp-json\/wp\/v2\/media?parent=27898"}],"wp:term":[{"taxonomy":"category","embeddable":true,"href":"https:\/\/hier-luebeck.de\/index.php\/wp-json\/wp\/v2\/categories?post=27898"},{"taxonomy":"post_tag","embeddable":true,"href":"https:\/\/hier-luebeck.de\/index.php\/wp-json\/wp\/v2\/tags?post=27898"}],"curies":[{"name":"wp","href":"https:\/\/api.w.org\/{rel}","templated":true}]}}