{"id":279443,"date":"2019-03-30T10:15:00","date_gmt":"2019-03-30T10:15:00","guid":{"rendered":"http:\/\/www.hier-luebeck.de\/politik-wirtschaft\/groesste-gefahr-fuer-konjunkturelle-abkuehlung-ist-der-fachkraeftemangel-elektrobranche-bleibt-optimistisch-egal-ob-start-up-oder-konzern-jeder-vierte-rekrutiert-ingenieure-und-it-experten-im-aus\/"},"modified":"2019-03-30T10:15:00","modified_gmt":"2019-03-30T10:15:00","slug":"groesste-gefahr-fuer-konjunkturelle-abkuehlung-ist-der-fachkraeftemangel-elektrobranche-bleibt-optimistisch-egal-ob-start-up-oder-konzern-jeder-vierte-rekrutiert-ingenieure-und-it-experten-im-aus","status":"publish","type":"post","link":"https:\/\/hier-luebeck.de\/index.php\/groesste-gefahr-fuer-konjunkturelle-abkuehlung-ist-der-fachkraeftemangel-elektrobranche-bleibt-optimistisch-egal-ob-start-up-oder-konzern-jeder-vierte-rekrutiert-ingenieure-und-it-experten-im-aus\/","title":{"rendered":"Gr\u00f6\u00dfte Gefahr f\u00fcr konjunkturelle Abk\u00fchlung ist der Fachkr\u00e4ftemangel \/ Elektrobranche bleibt optimistisch \/ Egal ob Start-up oder Konzern: Jeder vierte rekrutiert Ingenieure und IT-Experten im Ausland (FOTO)"},"content":{"rendered":"<p><img decoding=\"async\" class=\"alignleft size-full\" title=\"Gr\u00f6\u00dfte Gefahr f\u00fcr konjunkturelle Abk\u00fchlung ist der Fachkr\u00e4ftemangel \/ Elektrobranche bleibt optimistisch \/ Egal ob Start-up oder Konzern: Jeder vierte rekrutiert Ingenieure und IT-Experten im Ausland \/ Der Fachkr\u00e4ftemangel in der Elektro- und Informationstechnik macht sowohl Start-ups wie auch Gro\u00dfkonzernen zu schaffen. Ihre L\u00f6sung: Experten aus dem Ausland zu rekrutieren. Weiterer Text \u00fcber ots und www.presseportal.de\/nr\/9158 \/ Die Verwendung dieses Bildes ist f\u00fcr redaktionelle Zwecke honorarfrei. Ver\u00f6ffentlichung bitte unter Quellenangabe: \"obs\/VDE Verb. der Elektrotechnik Elektronik Informationstechnik\"\" src=\"https:\/\/cache.pressmailing.net\/thumbnail\/story_big\/9fd94f79-dc63-4a18-8553-6464b780aa4d\/Fachkr%C3%A4ftemangel-bedroht-Konkunktur.jpg\" \/><\/p>\n<p>Frankfurt am Main (ots) &#8211;     Allen Warnungen vor einer konjunkturellen Abk\u00fchlung zum Trotz,  rechnen 60 Prozent der Unternehmen der Elektroindustrie f\u00fcr das  kommende Jahr mit einer gleichbleibenden Entwicklung, 26 Prozent  erwarten sogar einen Aufschwung.<!--more--> Als gr\u00f6\u00dfte Gefahr f\u00fcr eine Abk\u00fchlung der Konjunktur nennen die Unternehmen den Fachkr\u00e4ftemangel (60  Prozent), noch vor den Auswirkungen des Brexits (39 Prozent),  politischen Unsicherheiten (35 Prozent) oder dem wirtschaftlichen  Schw\u00e4cheln Europas (33 Prozent). Branchenunternehmen, aber auch  Hochschulen finden hierzulande nicht mehr gen\u00fcgend Fachkr\u00e4fte, also  Ingenieure und IT-Fachleute. Dabei sind Konzerne mit mehr als 5.000  Mitarbeitern (36 Prozent), mittelst\u00e4ndische Unternehmen mit 501 bis  1.000 Besch\u00e4ftigten (33 Prozent), Start-ups mit bis zu 50  Besch\u00e4ftigten (26 Prozent), und Hochschulen (33 Prozent)  gleicherma\u00dfen betroffen: &#8222;Um ihren Bedarf an qualifizierten  Mitarbeitenden zu decken, haben Konzerne, der Mittelstand, Start-ups  und Hochschulen nur eine Chance: Sie m\u00fcssen ihr Personal auch aus dem Ausland rekrutieren. Fast jeder Vierte ist dazu gezwungen&#8220;, sagt der  CEO des VDE, Ansgar Hinz. Damit ist der Mangel an geeigneten  Fachkr\u00e4ften immer noch virulent. Das sind Ergebnisse der neuen  VDE-Studie &#8222;KI &#8211; Die n\u00e4chste Stufe der Industrialisierung?&#8220;, die der  Technologieverband am kommenden Montag auf der Hannover Messe  vorstellen wird. F\u00fcr die Studie befragte der VDE seine 1.300  Mitgliedsunternehmen und Hochschulen der Elektro- und  Informationstechnik.     Unternehmen setzen auf Fortbildung ihrer Belegschaft      Vor allem IT-Sicherheitsexperten sind gefragt bzw. verzweifelt  gesucht. 87 Prozent der Hochschulen und 70 Prozent der Unternehmen  haben Schwierigkeiten, IT-Sicherheitsfachleute zu bekommen. &#8222;In der  Studie &#8222;E-Ing 2025: Technologien, Arbeitsmarkt, Ingenieurberuf&#8220;, die  der VDE zusammen mit dem Institut f\u00fcr Wirtschaft in K\u00f6ln erstellt  hat, warnte der VDE bereits letzten November davor, dass wir auf die  gr\u00f6\u00dfte Ingenieursl\u00fccke in der Elektro- und Informationstechnik aller  Zeiten zusteuern. In den kommenden zehn Jahren werden in Deutschland  deutlich \u00fcber 100.000 junge E-Ingenieure mehr ben\u00f6tigt, als  hierzulande ausgebildet werden&#8220;, erkl\u00e4rt Ansgar Hinz. &#8222;Der Groschen  ist sprichw\u00f6rtlich gefallen. In der aktuellen Umfrage haben 83  Prozent der Unternehmen und Hochschulen eingesehen, dass wir durch  die Digitalisierung \u00fcber Jahrzehnte gravierende Arbeitsmarktprobleme  bekommen werden, wenn wir es nicht schaffen, die heute Berufst\u00e4tigen  fortzubilden&#8220;, f\u00fcgt Hinz hinzu. Sie fordern, dass die digitale  Bildung auf allen Stufen der Schul- und Hochschulbildung, aber auch  der beruflichen Weiterbildung in Form und Inhalt massiv verbessert  werden muss, um wettbewerbsf\u00e4hig zu bleiben.     F\u00fcr die Redaktion: Die umfangreiche Studie wird am Montag im  Rahmen der Hannover Messe vorgestellt und informiert unter anderem  dar\u00fcber, wo Deutschland und der Wettbewerb bei der  Schl\u00fcsseltechnologie KI steht, welche Gefahren f\u00fcr den  Wirtschaftsstandort Deutschland von Cyber-Kriminalit\u00e4t ausgehen, wie  Unternehmen und Hochschulen dagegen gesch\u00fctzt sind und mit welcher  Strategie sich Deutschland gegen die die Konkurrenz wappnen kann.  Montag, 1. April 2019, 10:00 bis 10:40 Uhr,  im Convention Center (CC), Saal 12,  Messegel\u00e4nde, 30521 Hannover.     Ihre Gespr\u00e4chspartner sind Ansgar Hinz, CEO des  Technologieverbandes VDE, Frankfurt, sowie Prof. Dr. Hans Schotten,  Mitglied des VDE-Pr\u00e4sidiums und wissenschaftlicher Direktor des  Deutschen Forschungszentrums f\u00fcr K\u00fcnstliche Intelligenz (DFKI),  Kaiserslautern    Pressekontakt: Melanie Unseld, Tel.: 0175 1874333, E-Mail: melanie.unseld@vde.com  Original-Content von: VDE Verb. der Elektrotechnik Elektronik Informationstechnik, \u00fcbermittelt durch news aktuell<\/p>\n<p>Quelle: <a href=\"https:\/\/www.presseportal.de\/pm\/9158\/4232148\" target=\"_blank\" rel=\"noopener noreferrer\">presseportal.de<\/a><\/p>\n","protected":false},"excerpt":{"rendered":"<p>Frankfurt am Main (ots) &#8211; Allen Warnungen vor einer konjunkturellen Abk\u00fchlung zum Trotz, rechnen 60 Prozent der Unternehmen der Elektroindustrie<\/p>\n","protected":false},"author":3,"featured_media":0,"comment_status":"open","ping_status":"open","sticky":false,"template":"","format":"standard","meta":{"colormag_page_container_layout":"default_layout","colormag_page_sidebar_layout":"default_layout","footnotes":""},"categories":[5],"tags":[],"class_list":["post-279443","post","type-post","status-publish","format-standard","hentry","category-politik-wirtschaft"],"_links":{"self":[{"href":"https:\/\/hier-luebeck.de\/index.php\/wp-json\/wp\/v2\/posts\/279443","targetHints":{"allow":["GET"]}}],"collection":[{"href":"https:\/\/hier-luebeck.de\/index.php\/wp-json\/wp\/v2\/posts"}],"about":[{"href":"https:\/\/hier-luebeck.de\/index.php\/wp-json\/wp\/v2\/types\/post"}],"author":[{"embeddable":true,"href":"https:\/\/hier-luebeck.de\/index.php\/wp-json\/wp\/v2\/users\/3"}],"replies":[{"embeddable":true,"href":"https:\/\/hier-luebeck.de\/index.php\/wp-json\/wp\/v2\/comments?post=279443"}],"version-history":[{"count":0,"href":"https:\/\/hier-luebeck.de\/index.php\/wp-json\/wp\/v2\/posts\/279443\/revisions"}],"wp:attachment":[{"href":"https:\/\/hier-luebeck.de\/index.php\/wp-json\/wp\/v2\/media?parent=279443"}],"wp:term":[{"taxonomy":"category","embeddable":true,"href":"https:\/\/hier-luebeck.de\/index.php\/wp-json\/wp\/v2\/categories?post=279443"},{"taxonomy":"post_tag","embeddable":true,"href":"https:\/\/hier-luebeck.de\/index.php\/wp-json\/wp\/v2\/tags?post=279443"}],"curies":[{"name":"wp","href":"https:\/\/api.w.org\/{rel}","templated":true}]}}