{"id":279447,"date":"2019-03-30T08:00:16","date_gmt":"2019-03-30T08:00:16","guid":{"rendered":"http:\/\/www.hier-luebeck.de\/politik-wirtschaft\/thomas-jung-von-brutalen-schulhof-schlaegereien-bis-zu-polizeiattacken-das-breite-spektrum-der-migrantengewalt\/"},"modified":"2019-03-30T08:00:16","modified_gmt":"2019-03-30T08:00:16","slug":"thomas-jung-von-brutalen-schulhof-schlaegereien-bis-zu-polizeiattacken-das-breite-spektrum-der-migrantengewalt","status":"publish","type":"post","link":"https:\/\/hier-luebeck.de\/index.php\/thomas-jung-von-brutalen-schulhof-schlaegereien-bis-zu-polizeiattacken-das-breite-spektrum-der-migrantengewalt\/","title":{"rendered":"Thomas Jung: &#8222;Von brutalen Schulhof-Schl\u00e4gereien bis zu Polizeiattacken: Das breite Spektrum der Migrantengewalt&#8220;"},"content":{"rendered":"<p>Potsdam (ots) &#8211; Bei einem Streit auf dem Hof der Arco-Schule in  Nauen schlugen drei \u00e4ltere &#8222;Fl\u00fcchtlings&#8220;-Sch\u00fcler drei Grundsch\u00fcler  und pr\u00fcgelten einen von ihnen krankenhausreif. Der Streit hatte sich  um einen Ball entfacht. Nachts warfen mehrere Migranten an der  Potsdamer Friedrich-Engels-Stra\u00dfe Flaschen auf Autos, griffen  Polizeistreifen an.<!--more--> Die Beamten wurden beleidigt und t\u00e4tlich  angegriffen und mussten sich mit Pfefferspray gegen die sogenannten  &#8222;Fl\u00fcchtlinge&#8220; zur Wehr setzen. Drei Polizisten mussten ins  Krankenhaus. Zwei Tatverd\u00e4chtige (32 und 41 Jahre) kamen nach  Anweisung der Staatsanwaltschaft sofort wieder auf freien Fu\u00df.     Der innenpolitische Sprecher der AfD-Fraktion im Landtag  Brandenburg, Thomas Jung, erkl\u00e4rt dazu:     &#8222;Respektlosigkeit der sogenannten &#8218;Fl\u00fcchtlinge&#8216; vor unserer  Lebensweise f\u00e4ngt schon auf dem Schulhof an und reicht von sexuellen  \u00dcbergriffen, Diebstahl, Vandalismus bis zum Angriff auf Polizisten.  Wir d\u00fcrfen so etwas nicht dulden. Hier muss hart reagiert werden.  Solche Menschen darf man nicht laufen lassen, sondern die geh\u00f6ren  sofort abgeschoben. Unsere Gesetze m\u00fcssen zur Sicherheit unserer  Landsleute konsequent angewendet werden &#8211; offensichtlich ist nur die  AfD dazu bereit.&#8220;    Pressekontakt:  Detlev Frye Telefon (0331) 966-1880 E-Mail: presse@afd-fraktion.brandenburg.de  Zur Nachrichtenzentrale der AfD-Fraktion Brandenburg: https:\/\/www.presseportal.de\/nr\/130777  Soziale Medien:  Bei Facebook: http:\/\/facebook.com\/afdfraktion Im Netz: http:\/\/www.afd-fraktion-brandenburg.de Bei Twitter: https:\/\/twitter.com\/AfD_FraktionBB Bei Instagram: https:\/\/www.instagram.com\/afdfraktionbb\/  Original-Content von: AfD-Fraktion im Brandenburgischen Landtag, \u00fcbermittelt durch news aktuell<\/p>\n<p>Quelle: <a href=\"https:\/\/www.presseportal.de\/pm\/130777\/4232102\" target=\"_blank\" rel=\"noopener noreferrer\">presseportal.de<\/a><\/p>\n","protected":false},"excerpt":{"rendered":"<p>Potsdam (ots) &#8211; Bei einem Streit auf dem Hof der Arco-Schule in Nauen schlugen drei \u00e4ltere &#8222;Fl\u00fcchtlings&#8220;-Sch\u00fcler drei Grundsch\u00fcler und<\/p>\n","protected":false},"author":3,"featured_media":0,"comment_status":"open","ping_status":"open","sticky":false,"template":"","format":"standard","meta":{"colormag_page_container_layout":"default_layout","colormag_page_sidebar_layout":"default_layout","footnotes":""},"categories":[5],"tags":[],"class_list":["post-279447","post","type-post","status-publish","format-standard","hentry","category-politik-wirtschaft"],"_links":{"self":[{"href":"https:\/\/hier-luebeck.de\/index.php\/wp-json\/wp\/v2\/posts\/279447","targetHints":{"allow":["GET"]}}],"collection":[{"href":"https:\/\/hier-luebeck.de\/index.php\/wp-json\/wp\/v2\/posts"}],"about":[{"href":"https:\/\/hier-luebeck.de\/index.php\/wp-json\/wp\/v2\/types\/post"}],"author":[{"embeddable":true,"href":"https:\/\/hier-luebeck.de\/index.php\/wp-json\/wp\/v2\/users\/3"}],"replies":[{"embeddable":true,"href":"https:\/\/hier-luebeck.de\/index.php\/wp-json\/wp\/v2\/comments?post=279447"}],"version-history":[{"count":0,"href":"https:\/\/hier-luebeck.de\/index.php\/wp-json\/wp\/v2\/posts\/279447\/revisions"}],"wp:attachment":[{"href":"https:\/\/hier-luebeck.de\/index.php\/wp-json\/wp\/v2\/media?parent=279447"}],"wp:term":[{"taxonomy":"category","embeddable":true,"href":"https:\/\/hier-luebeck.de\/index.php\/wp-json\/wp\/v2\/categories?post=279447"},{"taxonomy":"post_tag","embeddable":true,"href":"https:\/\/hier-luebeck.de\/index.php\/wp-json\/wp\/v2\/tags?post=279447"}],"curies":[{"name":"wp","href":"https:\/\/api.w.org\/{rel}","templated":true}]}}