{"id":27972,"date":"2011-01-27T14:37:25","date_gmt":"2011-01-27T13:37:25","guid":{"rendered":"http:\/\/www.hier-luebeck.de\/?p=27972"},"modified":"2011-01-27T14:37:25","modified_gmt":"2011-01-27T13:37:25","slug":"wsp-sh-brand-auf-frachtschiff","status":"publish","type":"post","link":"https:\/\/hier-luebeck.de\/index.php\/wsp-sh-brand-auf-frachtschiff\/","title":{"rendered":"WSP-SH: Brand auf Frachtschiff"},"content":{"rendered":"<p><a rel=\"attachment wp-att-10391\" href=\"http:\/\/www.hier-luebeck.de\/2010\/01\/wsp-sh-minenbergung-in-schleimunde\/wasserschutzpo-5\/\"><img loading=\"lazy\" decoding=\"async\" class=\"alignleft size-full wp-image-10391\" title=\"Wasserschutzpo\" src=\"http:\/\/www.hier-luebeck.de\/wp-content\/uploads\/2010\/01\/Wasserschutzpo4.jpg\" alt=\"\" width=\"220\" height=\"165\" \/><\/a>Flensburg (ots) &#8211; Bei Schwei\u00dfarbeiten auf einem bei der FSG Flensburg zur Reparatur liegenden Frachtschiffes wurde im Laderaum eine \u00f6lhaltige Fl\u00fcssigkeit in Brand gesetzt. Durch sofortiges Schlie\u00dfen der Ladeluken konnte der Brand bis zum Eintreffen der Feuerwehr begrenzt werden. Schadstoffe sind nicht ins Wasser gelangt. Die L\u00f6scharbeiten halten an. Der Einsatzort wird durch ein Boot der Wasserschutzpolizei abgesichert. WSP-Beamte ermitteln vor Ort.<\/p>\n","protected":false},"excerpt":{"rendered":"<p>Flensburg (ots) &#8211; Bei Schwei\u00dfarbeiten auf einem bei der FSG Flensburg zur Reparatur liegenden Frachtschiffes wurde im Laderaum eine \u00f6lhaltige<\/p>\n","protected":false},"author":3,"featured_media":0,"comment_status":"open","ping_status":"open","sticky":false,"template":"","format":"standard","meta":{"colormag_page_container_layout":"default_layout","colormag_page_sidebar_layout":"default_layout","footnotes":""},"categories":[20],"tags":[],"class_list":["post-27972","post","type-post","status-publish","format-standard","hentry","category-besondere-neuigkeiten"],"_links":{"self":[{"href":"https:\/\/hier-luebeck.de\/index.php\/wp-json\/wp\/v2\/posts\/27972","targetHints":{"allow":["GET"]}}],"collection":[{"href":"https:\/\/hier-luebeck.de\/index.php\/wp-json\/wp\/v2\/posts"}],"about":[{"href":"https:\/\/hier-luebeck.de\/index.php\/wp-json\/wp\/v2\/types\/post"}],"author":[{"embeddable":true,"href":"https:\/\/hier-luebeck.de\/index.php\/wp-json\/wp\/v2\/users\/3"}],"replies":[{"embeddable":true,"href":"https:\/\/hier-luebeck.de\/index.php\/wp-json\/wp\/v2\/comments?post=27972"}],"version-history":[{"count":0,"href":"https:\/\/hier-luebeck.de\/index.php\/wp-json\/wp\/v2\/posts\/27972\/revisions"}],"wp:attachment":[{"href":"https:\/\/hier-luebeck.de\/index.php\/wp-json\/wp\/v2\/media?parent=27972"}],"wp:term":[{"taxonomy":"category","embeddable":true,"href":"https:\/\/hier-luebeck.de\/index.php\/wp-json\/wp\/v2\/categories?post=27972"},{"taxonomy":"post_tag","embeddable":true,"href":"https:\/\/hier-luebeck.de\/index.php\/wp-json\/wp\/v2\/tags?post=27972"}],"curies":[{"name":"wp","href":"https:\/\/api.w.org\/{rel}","templated":true}]}}