{"id":28112,"date":"2011-01-31T15:17:37","date_gmt":"2011-01-31T14:17:37","guid":{"rendered":"http:\/\/www.hier-luebeck.de\/?p=28112"},"modified":"2011-01-31T15:17:37","modified_gmt":"2011-01-31T14:17:37","slug":"wichtiges-fur-den-ubergang-auf-weiterfuhrende-schulen-2011","status":"publish","type":"post","link":"https:\/\/hier-luebeck.de\/index.php\/wichtiges-fur-den-ubergang-auf-weiterfuhrende-schulen-2011\/","title":{"rendered":"Wichtiges f\u00fcr den \u00dcbergang auf weiterf\u00fchrende Schulen 2011"},"content":{"rendered":"<p>Informationsveranstaltungen und Anmeldetermine der jeweiligen Schularten<\/p>\n<p>Laut Runderlass des Ministeriums f\u00fcr Bildung und Kultur des Landes Schleswig-Holstein k\u00f6nnen Kinder in den weiterf\u00fchrenden Schulen f\u00fcr das Schuljahr 2011\/12 grunds\u00e4tzlich im Zeitraum vom 14. M\u00e4rz bis 19. M\u00e4rz 2011 angemeldet werden. Die weiterf\u00fchrenden Schulen w\u00e4ren jedoch \u2013 unter anderem weil die Sekretariate nicht st\u00e4ndig besetzt sind &#8211; dankbar, wenn die nachstehend genannten Schwerpunkttermine von den Eltern wahrgenommen w\u00fcrden.<!--more--><\/p>\n<p>Wichtiger Hinweis: Streben die Eltern f\u00fcr ihr Kind eine von der Schul\u00fcbergangsempfehlung abweichende Schulart an, sind sie unter Vorlage der Schul\u00fcbergangsempfehlung, der letzten zwei Zeugnisse (in Fotokopie) und \u2013 soweit vorhanden \u2013 des aktuellen Lernplanes zur Teilnahme an einer individuellen Beratung verpflichtet. Die jeweiligen Beratungstermine stehen unten. Die Teilnahme des Kindes an dieser Beratung wird empfohlen.<\/p>\n<p>Eltern, deren Kinder eine Regionalschule bzw. Gemeinschaftsschule besuchen werden, sollten beachten, dass auch dann eine Anmeldung erfolgen muss, selbst wenn die Kinder in ihrer derzeit besuchten Grund- und Regionalschule beziehungsweise Grund- und Gemeinschaftsschule bleiben werden, da auch die Regional- und Gemeinschaftsschulen frei w\u00e4hlbar sind.<\/p>\n<p>Zur Anmeldung mitzubringen sind grunds\u00e4tzlich:<\/p>\n<p>* die Geburtsurkunde\/Personalausweis<br \/>\n* eine Fotokopie des letzten Zeugnisses<br \/>\n* Schul\u00fcbergangsempfehlung<br \/>\n* falls vorhanden Lernplan bzw. Legasthenienachweis<\/p>\n<p>Gymnasium<\/p>\n<p>Tag \/ Raum<\/p>\n<p>Uhrzeit<\/p>\n<p>Anmeldezeitraum \/ Info<br \/>\nCarl-Jacob-Burckhardt-Gymnasium<\/p>\n<p>Montag, 14. Feb. \/ Aula Dienstag, 22. Februar\/ Musiksaal<\/p>\n<p>19 Uhr<br \/>\n19 Uhr<\/p>\n<p>Anmeldung: Sonnabend 12. M\u00e4rz, Montag 14.M\u00e4rz und Dienstag 15.M\u00e4rz 2011 jeweils 8 bis 12 Uhr. Dar\u00fcber hinaus bis Sonnabend 19. M\u00e4rz 2011 von 8 bis 12 Uhr. Beratung: Freitag, 4. M\u00e4rz 2011 von 14 bis 17.30 Uhr nach telefonischer Anmeldung<br \/>\nErnestinenschule<\/p>\n<p>Montag, 21. Februar<\/p>\n<p>16 bis19. Uhr<\/p>\n<p>Anmeldung: Sonnabend 12. M\u00e4rz, Montag 14.M\u00e4rz und Dienstag 15.M\u00e4rz 2011 jeweils 8 bis 12 Uhr. Dar\u00fcber hinaus bis Sonnabend 19. M\u00e4rz 2011 von 8 bis 12 Uhr. Beratung: Montag 28. Februar und Dienstag 01. M\u00e4rz 2011 jeweils ab 15 Uhr.<br \/>\nJohanneum zu L\u00fcbeck<\/p>\n<p>Sonnabend, 12. Februar<\/p>\n<p>10 Uhr<\/p>\n<p>Anmeldung: Sonnabend 12. M\u00e4rz, Montag 14. M\u00e4rz und Dienstag 15.M\u00e4rz 2011 jeweils 8 bis 12 Uhr. Dar\u00fcber hinaus bis Sonnabend 19. M\u00e4rz 2011 von 8 bis 12 Uhr. Beratung: Freitag, 25. Februar 2011 von 10 bis 12.30 und von 15 bis 18 Uhr.<br \/>\nKatharineum zu L\u00fcbeck<\/p>\n<p>Donnerstag,17. Februar Sonnabend, 19. Februar: Sonderzweig Latein als erste Fremdsprache<\/p>\n<p>19 Uhr<br \/>\n9 Uhr<\/p>\n<p>Anmeldung: Sonnabend 12. M\u00e4rz, Montag 14. M\u00e4rz und Dienstag 15. M\u00e4rz 2011 jeweils 8 bis 12 Uhr. Dar\u00fcber hinaus bis Sonnabend 19. M\u00e4rz 2011 von 8 bis 12 Uhr. Beratung: Mittwoch 23. Februar 2011, 15 bis 18 Uhr.<br \/>\nOberschule zum Dom<\/p>\n<p>Freitag, 18. Februar<br \/>\nSonnabend. 19. Februar: Sonderzweig Franz\u00f6sisch als 1. Fremd-sprache<\/p>\n<p>19 Uhr<br \/>\n11 Uhr<\/p>\n<p>Anmeldung: Sonnabend 12. M\u00e4rz, Montag 14. M\u00e4rz und Dienstag 15. M\u00e4rz 2011 jeweils 8 bis 12 Uhr. Dar\u00fcber hinaus bis Sonnabend 19. M\u00e4rz 2011 von 8 bis 12 Uhr. Beratung: Donnerstag 3. M\u00e4rz und Freitag 4. M\u00e4rz 2011 von 14.30 bis 18 Uhr.<br \/>\nThomas-Mann-Schule<\/p>\n<p>Freitag, 11. Februar<\/p>\n<p>14.30 bis 18 Uhr<\/p>\n<p>Anmeldung: Sonnabend 12. M\u00e4rz, Montag 14. M\u00e4rz und Dienstag 15. M\u00e4rz 2011 jeweils 8 bis 12 Uhr. Dar\u00fcber hinaus bis Sonnabend 19. M\u00e4rz 2011 von 8 bis 12 Uhr. Beratung: Donnerstag 3. M\u00e4rz von 14 bis 19 und Freitag 4. M\u00e4rz 2011 von 12 bis 16 Uhr.<br \/>\nTrave-Gymnasium<\/p>\n<p>Donnerstag, 10. Februar<\/p>\n<p>18 Uhr<\/p>\n<p>Anmeldung: Sonnabend 12. M\u00e4rz, Montag 14. M\u00e4rz und Dienstag 15. M\u00e4rz 2011 jeweils 8 bis 12 Uhr. Dar\u00fcber hinaus bis Sonnabend 19. M\u00e4rz 2011 von 8 bis 12 Uhr. Beratung: Donnerstag 3. M\u00e4rz von 17 bis 19 Uhr und Donnerstag 10. M\u00e4rz 2011 von 17 bis 19 Uhr.<\/p>\n<p>Bitte Geburtsurkunde, Schul\u00fcbergangsempfehlung, Kopie des letzten Zeugnisses der Grundschule, falls vorhanden Legasthenienachweis sowie bei Realschulempfehlung Beratungsbescheinigung mitbringen.<\/p>\n<p>Beratungstermine: F\u00fcr die Eltern, deren Kind abweichend von der Schul\u00fcbergangsempfehlung \u201eRealschule\u201c an einem Gymnasium angemeldet werden soll. Die Teilnahme des Kindes an dieser Beratung wird empfohlen. Telefonische Anmeldung erforderlich!<\/p>\n<p>Grund- und Regionalschulen<\/p>\n<p>Tag \/ Raum<\/p>\n<p>Uhrzeit<\/p>\n<p>Anmeldezeitraum \/ Info<br \/>\nAnna-Siemsen &amp; Johannes-Kepler<\/p>\n<p>Dienstag, 1. M\u00e4rz \/Mensa in der Diesel-<br \/>\nstr. 16<\/p>\n<p>18 Uhr<\/p>\n<p>Anmeldung: Dieselstra\u00dfe 14.,15. und 16. M\u00e4rz 2011 von 13 bis 16 Uhr sowie 17. und 18. M\u00e4rz von 8 bis 12.30 Uhr. Anmeldung: Am \u00c4hrenfeld 14. und 15. M\u00e4rz von 8 bis 11 Uhr. Beratung: 8. bis 10. M\u00e4rz 2011<br \/>\nGotthard-K\u00fchl-Schule<\/p>\n<p>Di, 8. Februar \/ Mehrzweckraum<\/p>\n<p>18.30 Uhr<\/p>\n<p>Anmeldung: 14. bis 19.M\u00e4rz 2011 Mo bis Fr von 7 bis 14 Uhr und Sa 9 bis 12 Uhr<br \/>\nSchule am Meer<\/p>\n<p>Mittwoch, 9. Februar<\/p>\n<p>18 Uhr Offene Schule, 18.30 Uhr Infoabend<\/p>\n<p>Anmeldung: 14., 15., 16., 17. sowie 18. M\u00e4rz 2011 von 10 bis 12 Uhr sowie 16. M\u00e4rz 2011 von 17 bis 18.30 Uhr. Beratung: Dienstag,15.M\u00e4rz von 10 bis 12 Uhr und Mittwoch,16. M\u00e4rz 2011 von 17 bis 18 Uhr.<\/p>\n<p>Grund- und Gemeinschafts-schulen<\/p>\n<p>Tag \/ Raum<\/p>\n<p>Uhrzeit<\/p>\n<p>Anmeldezeitraum \/ Info<br \/>\nAlbert-Schweitzer-Schule<\/p>\n<p>Donnerstag, 24. Februar Musikraum<\/p>\n<p>18 Uhr<\/p>\n<p>Anmeldung: 14. bis 18. M\u00e4rz 2011, Mo. bis Fr., von 8 bis 13 Uhr. Sonnabend, 19. M\u00e4rz von 10 bis 12 Uhr und Dienstag, 15. M\u00e4rz 2011 von 16 bis 18 Uhr. Beratung: Nach Terminvereinbarung<br \/>\nBaltic-Schule (Grund- und Gemeinschafts-schule mit gymnasialer Oberstufe)<\/p>\n<p>Dienstag, 15. Februar<\/p>\n<p>18 bis 20.30 Uhr<\/p>\n<p>Anmeldung: Montag, 14. M\u00e4rz 2011 von 9 bis 13 Uhr und 16 bis 18 Uhr, Dienstag, 15. M\u00e4rz von 9 bis 13 Uhr , Mittwoch. 16.M\u00e4rz von 9 bis 13 Uhr und 16 bis 18 Uhr.<br \/>\nHeinrich-Mann-Schule<\/p>\n<p>Donnerstag, 3.M\u00e4rz \/ Musikraum I<\/p>\n<p>19 Uhr<\/p>\n<p>Anmeldung: Montag,14. bis Freitag, 18. M\u00e4rz 2011 von 8 bis 13.30 Uhr. Beratung: Montag, 7. M\u00e4rz bis Fr., 11. M\u00e4rz nach tel. Anmeldung.<br \/>\nJulius-Leber-Schule Marquardplatz 7 Au\u00dfenstelle: Brockesstr. 59\/61<\/p>\n<p>Donnerstag, 17. Februar<\/p>\n<p>18 Uhr -Tag der offenen T\u00fcr (Marquardplatz) und 18.30 Uhr &#8211; Infoabend Aula (Marquardplatz)<\/p>\n<p>Anmeldung: 14. bis 19. M\u00e4rz 2011 von 9 bis 12 Uhr und am Mittwoch, 16. M\u00e4rz von 17 bis 19 Uhr im Sekretariat Marquardplatz 7 Raum 0.2 Erdgeschoss Tel. 122-8439. Beratung: Donnerstag,10. M\u00e4rz 2011 um 19 Uhr im Geb\u00e4ude Marquardplatz.<br \/>\nGrund- u. Gemein-schaftsschule im Stadtteil St. J\u00fcrgen (Klosterhof\/St. J\u00fcrgen)<\/p>\n<p>Donnerstag, 17.Februar<\/p>\n<p>17 Uhr -Offene Schule!<br \/>\n18 Uhr -Infoabend im M\u00f6nk-hofer Weg<\/p>\n<p>Anmeldung: 14. bis 19.M\u00e4rz 2011: Mo bis Do von 8 bis 13 Uhr, f\u00fcr Berufst\u00e4tige Do 17 bis 19 Uhr und Freitag von 8 bis 11 Uhr im Geb\u00e4ude Kalkbrennerstra\u00dfe. Montag,14. M\u00e4rz, 8 bis 10.45, Di bis Do 8 bis 13 Uhr, Fr 8 bis 11 Uhr im Geb\u00e4ude M\u00f6nkhofer Weg. Beratung: Do 3.M\u00e4rz 2011 von 17 bis 19 Uhr nach vorheriger telefonischer Vereinbarung<br \/>\nSchule Tremser Teich<\/p>\n<p>Montag, 21. Februar<\/p>\n<p>18 Uhr -Info Mensa 18.30 Uhr Schule live!<\/p>\n<p>Anmeldung: 14. bis 18.M\u00e4rz 2011, montags bis freitags von 8 bis 14 Uhr im Sekretariat . Beratung: Nach Terminvereinbarung<br \/>\nWilly-Brandt-Schule<\/p>\n<p>Montag, 28. Februar \/ Beim Meilenstein 2<\/p>\n<p>18 Uhr<\/p>\n<p>Anmeldung: Montag, 14. M\u00e4rz 2011: 8 bis 10 und 17 bis 19 Uhr, Dienstag, 15. und Donnerstag 17. M\u00e4rz von 10 bis 12 Uhr<br \/>\nGrund- u. Gemein-schaftsschule Stecknitz (Kreis RZ)<\/p>\n<p>Montag, 21. Februar: Aula Krummesse Sonnabend, 12. Februar in Berkenthin Sonnabend: 19. Februar in Krummesse: Tag der offenen T\u00fcr !<\/p>\n<p>19 Uhr<br \/>\n10 bis 14 Uhr<br \/>\n10 \u2013 14 Uhr<\/p>\n<p>Anmeldung: 14. bis 18. M\u00e4rz 2011 Mo bis Fr von 8 bis 12 Uhr. F\u00fcr Berufst\u00e4tige: Donnerstag,17. M\u00e4rz von 17 bis 18 Uhr. Beratung: 7. bis 10. M\u00e4rz nach Vereinbarung<\/p>\n<p>Gemeinschafts-schulen<\/p>\n<p>Tag \/ Raum<\/p>\n<p>Uhrzeit<\/p>\n<p>Anmeldezeitraum \/ Info<br \/>\nEmanuel-Geibel- Gemeinschafts-schule<\/p>\n<p>Dienstag, 22. Februar \/ Aula<\/p>\n<p>18 Uhr<\/p>\n<p>Anmeldung: 14. bis 18. M\u00e4rz 2011: Montag bis Freitag von 8.30 bis 12.30 Uhr und zus\u00e4tzlich am Montag, 14. M\u00e4rz, von 16 bis 18.30 Uhr. Beratung: Donnerstag 10. M\u00e4rz ab 17 Uhr nach vorheriger Anmeldung.<br \/>\nGeschwister-Prenski-Schule mit gymnasialer Oberstufe<\/p>\n<p>Sonnabend, 12. Februar<\/p>\n<p>9 bis 12 Uhr<\/p>\n<p>Anmeldung: Montag, 14., Dienstag, 15. und Mittwoch, 16. M\u00e4rz 2011 von 8.30 bis 12 Uhr sowie Montag, 14. M\u00e4rz und Mittwoch,16. M\u00e4rz von 15 bis 18 Uhr<br \/>\nHolstentor- Gemeinschafts-schule<\/p>\n<p>Donnerstag, 10. Februar<\/p>\n<p>18 Uhr<\/p>\n<p>Anmeldung: Montag 14.M\u00e4rz 2011 von 8 bis 14 Uhr, Dienstag 15.M\u00e4rz. von 8 bis 12 Uhr und Donnerstag, 17. M\u00e4rz von 14 bis 19 Uhr. Beratung: Nach Terminvereinbarung<br \/>\nTrave-Gemeinschafts-schule<\/p>\n<p>Dienstag, 8. Februar<\/p>\n<p>18 Uhr<\/p>\n<p>Anmeldung: Montag, 14. M\u00e4rz und Mittwoch,16. M\u00e4rz 2011 von 8 bis 18 Uhr, Freitag18.M\u00e4rz von 8 bis 14.30 Uhr und Sonnabend, 19. M\u00e4rz 2011 von 10 bis 12 Uhr<\/p>\n<p>Beratungstermine: F\u00fcr die Eltern, deren Kind abweichend von der Schulartempfehlung \u201eRealschule\u201c an einem Gymnasium angemeldet werden soll. Die Teilnahme des Kindes an dieser Beratung wird empfohlen. Telefonische Anmeldung erforderlich!<\/p>\n<p>Bitte Geburtsurkunde, Schulartempfehlung, Kopie des letzten Zeugnisses, falls vorhanden auch den Lernplan bzw. Legasthenienachweis der Grundschule mitbringen.<\/p>\n","protected":false},"excerpt":{"rendered":"<p>Informationsveranstaltungen und Anmeldetermine der jeweiligen Schularten Laut Runderlass des Ministeriums f\u00fcr Bildung und Kultur des Landes Schleswig-Holstein k\u00f6nnen Kinder in<\/p>\n","protected":false},"author":3,"featured_media":0,"comment_status":"open","ping_status":"open","sticky":false,"template":"","format":"standard","meta":{"colormag_page_container_layout":"default_layout","colormag_page_sidebar_layout":"default_layout","footnotes":""},"categories":[14],"tags":[],"class_list":["post-28112","post","type-post","status-publish","format-standard","hentry","category-tipps-informationen"],"_links":{"self":[{"href":"https:\/\/hier-luebeck.de\/index.php\/wp-json\/wp\/v2\/posts\/28112","targetHints":{"allow":["GET"]}}],"collection":[{"href":"https:\/\/hier-luebeck.de\/index.php\/wp-json\/wp\/v2\/posts"}],"about":[{"href":"https:\/\/hier-luebeck.de\/index.php\/wp-json\/wp\/v2\/types\/post"}],"author":[{"embeddable":true,"href":"https:\/\/hier-luebeck.de\/index.php\/wp-json\/wp\/v2\/users\/3"}],"replies":[{"embeddable":true,"href":"https:\/\/hier-luebeck.de\/index.php\/wp-json\/wp\/v2\/comments?post=28112"}],"version-history":[{"count":0,"href":"https:\/\/hier-luebeck.de\/index.php\/wp-json\/wp\/v2\/posts\/28112\/revisions"}],"wp:attachment":[{"href":"https:\/\/hier-luebeck.de\/index.php\/wp-json\/wp\/v2\/media?parent=28112"}],"wp:term":[{"taxonomy":"category","embeddable":true,"href":"https:\/\/hier-luebeck.de\/index.php\/wp-json\/wp\/v2\/categories?post=28112"},{"taxonomy":"post_tag","embeddable":true,"href":"https:\/\/hier-luebeck.de\/index.php\/wp-json\/wp\/v2\/tags?post=28112"}],"curies":[{"name":"wp","href":"https:\/\/api.w.org\/{rel}","templated":true}]}}