{"id":2839,"date":"2006-09-15T12:42:24","date_gmt":"2006-09-15T12:42:24","guid":{"rendered":"http:\/\/testserver\/wordpress\/?p=2739"},"modified":"2006-09-15T12:42:24","modified_gmt":"2006-09-15T12:42:24","slug":"schleswigholstein_hat_auch_in_zukunft_brgernahe_und_leistungsstarke_amtsgerichte","status":"publish","type":"post","link":"https:\/\/hier-luebeck.de\/index.php\/schleswigholstein_hat_auch_in_zukunft_brgernahe_und_leistungsstarke_amtsgerichte\/","title":{"rendered":"Schleswig-Holstein hat auch in Zukunft b\u00fcrgernahe und leistungsstarke Amtsgerichte"},"content":{"rendered":"<p><img decoding=\"async\" title=\"SHLogoWappen\" src=\"http:\/\/www.hier-luebeck.de\/images\/topics\/SHLogoWappen.jpg\" alt=\"SHLogoWappen\" \/><br \/>\n&#8222;Wir werden auch in Zukunft b\u00fcrgernahe Amtsgerichte von \u00fcberschaubarer Gr\u00f6\u00dfe haben,&#8220; sagte Justizminister Uwe D\u00f6ring heute (15. September) anl\u00e4sslich der abschlie\u00ad\u00dfenden Entscheidung des Landtags \u00fcber die Schlie\u00dfung der f\u00fcnf Amtsgerichte in Bad Schwartau, Bad Oldesloe, Geesthacht, Kappeln und M\u00f6lln. <!--more-->Die Regierungskoalitionen h\u00e4tten im Koalitionsvertrag vereinbart, die Struktur der Ge\u00adrichte auf den Pr\u00fcfstand zu stellen und insbesondere die Amtsgerichtsgr\u00f6\u00dfe an zuk\u00fcnftige Anforderungen anzupassen. Dieser Vorsatz werde nun konsequent in die Tat umgesetzt. &#8222;Vorausgegangen ist \u00fcber ein Jahr intensiver fachlicher Diskussion. Wir haben das Konzept nicht nur immer weiter pr\u00e4zisiert, sondern auch \u00c4nderungen vorgenommen, wo dies sinnvoll war.&#8220; Mit der Reform werde die langfristige Leistungsf\u00e4higkeit der Amtsgerichte gesichert. Die Reform sei in allen Berechnungsvarianten wirtschaftlich.<\/p>\n<p>D\u00f6ring betonte, es sei f\u00fcr jede Stadt und jeden Landgerichtsbezirk schmerzlich, ein Gericht zu verlieren. &#8222;Die betroffenen Mitarbeiter an den Gerichtsstandorten bitte ich um Verst\u00e4ndnis f\u00fcr eine Entscheidung, die Sie naturgem\u00e4\u00df gerne anders gesehen h\u00e4tten. Bei der weiteren Umsetzung ist es unser Ziel, pers\u00f6nliche H\u00e4rten f\u00fcr die Mitarbeiterinnen und Mitarbeiter zu vermeiden.&#8220;<\/p>\n","protected":false},"excerpt":{"rendered":"<p>&#8222;Wir werden auch in Zukunft b\u00fcrgernahe Amtsgerichte von \u00fcberschaubarer Gr\u00f6\u00dfe haben,&#8220; sagte Justizminister Uwe D\u00f6ring heute (15. September) anl\u00e4sslich der<\/p>\n","protected":false},"author":3,"featured_media":0,"comment_status":"open","ping_status":"open","sticky":false,"template":"","format":"standard","meta":{"colormag_page_container_layout":"default_layout","colormag_page_sidebar_layout":"default_layout","footnotes":""},"categories":[5],"tags":[],"class_list":["post-2839","post","type-post","status-publish","format-standard","hentry","category-politik-wirtschaft"],"_links":{"self":[{"href":"https:\/\/hier-luebeck.de\/index.php\/wp-json\/wp\/v2\/posts\/2839","targetHints":{"allow":["GET"]}}],"collection":[{"href":"https:\/\/hier-luebeck.de\/index.php\/wp-json\/wp\/v2\/posts"}],"about":[{"href":"https:\/\/hier-luebeck.de\/index.php\/wp-json\/wp\/v2\/types\/post"}],"author":[{"embeddable":true,"href":"https:\/\/hier-luebeck.de\/index.php\/wp-json\/wp\/v2\/users\/3"}],"replies":[{"embeddable":true,"href":"https:\/\/hier-luebeck.de\/index.php\/wp-json\/wp\/v2\/comments?post=2839"}],"version-history":[{"count":0,"href":"https:\/\/hier-luebeck.de\/index.php\/wp-json\/wp\/v2\/posts\/2839\/revisions"}],"wp:attachment":[{"href":"https:\/\/hier-luebeck.de\/index.php\/wp-json\/wp\/v2\/media?parent=2839"}],"wp:term":[{"taxonomy":"category","embeddable":true,"href":"https:\/\/hier-luebeck.de\/index.php\/wp-json\/wp\/v2\/categories?post=2839"},{"taxonomy":"post_tag","embeddable":true,"href":"https:\/\/hier-luebeck.de\/index.php\/wp-json\/wp\/v2\/tags?post=2839"}],"curies":[{"name":"wp","href":"https:\/\/api.w.org\/{rel}","templated":true}]}}