{"id":28401,"date":"2011-02-08T14:54:59","date_gmt":"2011-02-08T13:54:59","guid":{"rendered":"http:\/\/www.hier-luebeck.de\/?p=28401"},"modified":"2011-02-08T14:56:29","modified_gmt":"2011-02-08T13:56:29","slug":"eigenes-landesrecht-fur-die-besoldung-und-die-versorgung-schlanke-regelungen-fur-schleswig-holsteins-beamtinnen-und-beamte","status":"publish","type":"post","link":"https:\/\/hier-luebeck.de\/index.php\/eigenes-landesrecht-fur-die-besoldung-und-die-versorgung-schlanke-regelungen-fur-schleswig-holsteins-beamtinnen-und-beamte\/","title":{"rendered":"Eigenes Landesrecht f\u00fcr die Besoldung und die Versorgung: Schlanke Regelungen f\u00fcr Schleswig-Holsteins Beamtinnen und Beamte"},"content":{"rendered":"<p>Kiel. Moderner und schlanker soll das Besoldungs- und Versorgungsrecht in Schleswig-Holstein werden. \u201e&#8220;Wir komprimieren vier Gesetze und acht Verordnungen zu zwei eigenen Landesgesetzen&#8220;\u201c, sagte Staatssekret\u00e4r Dr. Olaf Bastian. Die bisherigen Vorschriften w\u00fcrden bereinigt, entbehrliche Normen fielen weg und zahlreiche \u00c4nderungen (zum Beispiel durch das Haushaltsbegleitgesetz 2011\/2012) ber\u00fccksichtigt.<!--more--><\/p>\n<p>Als Ma\u00dfstab f\u00fcr die Bemessung des Grundgehaltes werde bei k\u00fcnftigen Neueinstellungen nicht mehr das Dienstalter, sondern die dienstliche und berufliche Erfahrung ausschlaggebend sein. Das neue Besoldungsrecht sehe ferner unter anderem mehr Freiheit f\u00fcr die Vergabe von Leistungszulagen durch die Hochschulen vor. \u201e&#8220;Neben der Streichung des sogenannten Vergaberahmens erm\u00f6glicht das Gesetz nun auch Juniorprofessorinnen und Juniorprofessoren eine Leistungszulage zu gew\u00e4hren. Dies st\u00e4rkt den Wissenschaftsstandort Schleswig-Holstein&#8220;\u201c, so Bastian.<\/p>\n<p>\u201e&#8220;Eine Ungleichbehandlung wird durch das neue Versorgungsrecht beendet: Beamtinnen und Beamten mit langen Freistellungsphasen, wozu auch lange Phasen von Teilzeitbesch\u00e4ftigung z\u00e4hlen, sollen k\u00fcnftig einen Anspruch auf das Mindestruhegehalt haben. Bisher blieb ihnen mit dem sogenannten erdienten Ruhegehalt in der Regel weniger \u00fcbrig&#8220;\u201c, sagte Bastian.<\/p>\n<p>Das Versorgungsgesetz orientiere sich an Bestimmungen, die gemeinsam von den norddeutschen L\u00e4ndern Bremen, Hamburg, Mecklenburg-Vorpommern, Niedersachsen und Schleswig-Holstein erarbeitet wurden. Auch beim Besoldungsgesetz habe es eine Abstimmung unter den Nordl\u00e4ndern gegeben.<\/p>\n","protected":false},"excerpt":{"rendered":"<p>Kiel. Moderner und schlanker soll das Besoldungs- und Versorgungsrecht in Schleswig-Holstein werden. \u201e&#8220;Wir komprimieren vier Gesetze und acht Verordnungen zu<\/p>\n","protected":false},"author":3,"featured_media":0,"comment_status":"open","ping_status":"open","sticky":false,"template":"","format":"standard","meta":{"colormag_page_container_layout":"default_layout","colormag_page_sidebar_layout":"default_layout","footnotes":""},"categories":[20],"tags":[],"class_list":["post-28401","post","type-post","status-publish","format-standard","hentry","category-besondere-neuigkeiten"],"_links":{"self":[{"href":"https:\/\/hier-luebeck.de\/index.php\/wp-json\/wp\/v2\/posts\/28401","targetHints":{"allow":["GET"]}}],"collection":[{"href":"https:\/\/hier-luebeck.de\/index.php\/wp-json\/wp\/v2\/posts"}],"about":[{"href":"https:\/\/hier-luebeck.de\/index.php\/wp-json\/wp\/v2\/types\/post"}],"author":[{"embeddable":true,"href":"https:\/\/hier-luebeck.de\/index.php\/wp-json\/wp\/v2\/users\/3"}],"replies":[{"embeddable":true,"href":"https:\/\/hier-luebeck.de\/index.php\/wp-json\/wp\/v2\/comments?post=28401"}],"version-history":[{"count":0,"href":"https:\/\/hier-luebeck.de\/index.php\/wp-json\/wp\/v2\/posts\/28401\/revisions"}],"wp:attachment":[{"href":"https:\/\/hier-luebeck.de\/index.php\/wp-json\/wp\/v2\/media?parent=28401"}],"wp:term":[{"taxonomy":"category","embeddable":true,"href":"https:\/\/hier-luebeck.de\/index.php\/wp-json\/wp\/v2\/categories?post=28401"},{"taxonomy":"post_tag","embeddable":true,"href":"https:\/\/hier-luebeck.de\/index.php\/wp-json\/wp\/v2\/tags?post=28401"}],"curies":[{"name":"wp","href":"https:\/\/api.w.org\/{rel}","templated":true}]}}