{"id":28405,"date":"2011-02-08T15:12:42","date_gmt":"2011-02-08T14:12:42","guid":{"rendered":"http:\/\/www.hier-luebeck.de\/?p=28405"},"modified":"2011-02-08T15:12:42","modified_gmt":"2011-02-08T14:12:42","slug":"wsp-sh-wasserleiche-geborgen","status":"publish","type":"post","link":"https:\/\/hier-luebeck.de\/index.php\/wsp-sh-wasserleiche-geborgen\/","title":{"rendered":"WSP-SH: Wasserleiche geborgen"},"content":{"rendered":"<p><a rel=\"attachment wp-att-10391\" href=\"http:\/\/www.hier-luebeck.de\/2010\/01\/wsp-sh-minenbergung-in-schleimunde\/wasserschutzpo-5\/\"><img loading=\"lazy\" decoding=\"async\" class=\"alignleft size-full wp-image-10391\" title=\"Wasserschutzpo\" src=\"http:\/\/www.hier-luebeck.de\/wp-content\/uploads\/2010\/01\/Wasserschutzpo4.jpg\" alt=\"\" width=\"220\" height=\"165\" \/><\/a>L\u00fcbeck (ots) &#8211; Am Dienstag, den 08.02.2011 um 09.42 Uhr, wurde von einem Grundst\u00fcckseigent\u00fcmer am Petroleumhafen an der Teerhofsinsel eine m\u00e4nnliche Wasserleiche  gefunden.<!--more--> Offensichtlich handelt es sich um einen 54-j\u00e4hrigen Bootsbesitzer, der mehrere Tage im Wasser gelegen haben d\u00fcrfte. Zusammen mit einem  Taucher der Berufsfeuerwehr L\u00fcbeck  konnte die Leiche mit einer Bergungstrage geborgen werden.<br \/>\nDie Todesursache konnte vor Ort nicht festgestellt werden. Die Kriminalpolizei L\u00fcbeck hat die Ermittlungen aufgenommen.<\/p>\n","protected":false},"excerpt":{"rendered":"<p>L\u00fcbeck (ots) &#8211; Am Dienstag, den 08.02.2011 um 09.42 Uhr, wurde von einem Grundst\u00fcckseigent\u00fcmer am Petroleumhafen an der Teerhofsinsel eine<\/p>\n","protected":false},"author":3,"featured_media":0,"comment_status":"open","ping_status":"open","sticky":false,"template":"","format":"standard","meta":{"colormag_page_container_layout":"default_layout","colormag_page_sidebar_layout":"default_layout","footnotes":""},"categories":[20],"tags":[],"class_list":["post-28405","post","type-post","status-publish","format-standard","hentry","category-besondere-neuigkeiten"],"_links":{"self":[{"href":"https:\/\/hier-luebeck.de\/index.php\/wp-json\/wp\/v2\/posts\/28405","targetHints":{"allow":["GET"]}}],"collection":[{"href":"https:\/\/hier-luebeck.de\/index.php\/wp-json\/wp\/v2\/posts"}],"about":[{"href":"https:\/\/hier-luebeck.de\/index.php\/wp-json\/wp\/v2\/types\/post"}],"author":[{"embeddable":true,"href":"https:\/\/hier-luebeck.de\/index.php\/wp-json\/wp\/v2\/users\/3"}],"replies":[{"embeddable":true,"href":"https:\/\/hier-luebeck.de\/index.php\/wp-json\/wp\/v2\/comments?post=28405"}],"version-history":[{"count":0,"href":"https:\/\/hier-luebeck.de\/index.php\/wp-json\/wp\/v2\/posts\/28405\/revisions"}],"wp:attachment":[{"href":"https:\/\/hier-luebeck.de\/index.php\/wp-json\/wp\/v2\/media?parent=28405"}],"wp:term":[{"taxonomy":"category","embeddable":true,"href":"https:\/\/hier-luebeck.de\/index.php\/wp-json\/wp\/v2\/categories?post=28405"},{"taxonomy":"post_tag","embeddable":true,"href":"https:\/\/hier-luebeck.de\/index.php\/wp-json\/wp\/v2\/tags?post=28405"}],"curies":[{"name":"wp","href":"https:\/\/api.w.org\/{rel}","templated":true}]}}