{"id":28408,"date":"2011-02-08T15:21:57","date_gmt":"2011-02-08T14:21:57","guid":{"rendered":"http:\/\/www.hier-luebeck.de\/?p=28408"},"modified":"2016-01-11T13:34:23","modified_gmt":"2016-01-11T12:34:23","slug":"28408","status":"publish","type":"post","link":"https:\/\/hier-luebeck.de\/index.php\/28408\/","title":{"rendered":"WSP-SH: Nachtrag zur Wasserleiche im Petroleumhafen"},"content":{"rendered":"<p><a href=\"http:\/\/www.hier-luebeck.de\/2010\/01\/wsp-sh-minenbergung-in-schleimunde\/wasserschutzpo-5\/\" rel=\"attachment wp-att-10391\"><img loading=\"lazy\" decoding=\"async\" class=\"alignleft size-full wp-image-10391\" title=\"Wasserschutzpo\" src=\"http:\/\/www.hier-luebeck.de\/wp-content\/uploads\/2010\/01\/Wasserschutzpo4.jpg\" alt=\"\" width=\"220\" height=\"165\" \/><\/a><strong>Fotos: TBF\/Holger Kr\u00f6ger<\/strong> &#8211; L\u00fcbeck (ots) &#8211; Bei dem heute Morgen tot im Petroleumhafen geborgenen 54- j\u00e4hrigen Bootseigner liegen nach ersten Untersuchungen keine Anhaltspunkte f\u00fcr ein Fremdverschulden vor. Eine Obduktion soll jetzt weiteren Aufschluss zur Todesursache geben. <strong><span style=\"color: #ff0000;\">(siehe Fotos 2. Seite)&gt;&gt;&gt;&gt;<\/span><\/strong><br \/>\n<!--more--><\/p>\n<div id='gallery-1' class='gallery galleryid-28408 gallery-columns-3 gallery-size-colormag-featured-image'><figure class='gallery-item'>\n\t\t\t<div class='gallery-icon landscape'>\n\t\t\t\t<a href='https:\/\/hier-luebeck.de\/index.php\/28408\/wasserleiche-hl-1-003\/'><img loading=\"lazy\" decoding=\"async\" width=\"550\" height=\"365\" src=\"https:\/\/hier-luebeck.de\/wp-content\/uploads\/2011\/02\/Wasserleiche-HL-1-003.jpg\" class=\"attachment-colormag-featured-image size-colormag-featured-image\" alt=\"\" srcset=\"https:\/\/hier-luebeck.de\/wp-content\/uploads\/2011\/02\/Wasserleiche-HL-1-003.jpg 550w, https:\/\/hier-luebeck.de\/wp-content\/uploads\/2011\/02\/Wasserleiche-HL-1-003-320x212.jpg 320w, https:\/\/hier-luebeck.de\/wp-content\/uploads\/2011\/02\/Wasserleiche-HL-1-003-512x340.jpg 512w\" sizes=\"auto, (max-width: 550px) 100vw, 550px\" \/><\/a>\n\t\t\t<\/div><\/figure><figure class='gallery-item'>\n\t\t\t<div class='gallery-icon landscape'>\n\t\t\t\t<a href='https:\/\/hier-luebeck.de\/index.php\/28408\/wasserleiche-hl-1-058\/'><img loading=\"lazy\" decoding=\"async\" width=\"550\" height=\"365\" src=\"https:\/\/hier-luebeck.de\/wp-content\/uploads\/2011\/02\/Wasserleiche-HL-1-058.jpg\" class=\"attachment-colormag-featured-image size-colormag-featured-image\" alt=\"\" srcset=\"https:\/\/hier-luebeck.de\/wp-content\/uploads\/2011\/02\/Wasserleiche-HL-1-058.jpg 550w, https:\/\/hier-luebeck.de\/wp-content\/uploads\/2011\/02\/Wasserleiche-HL-1-058-320x212.jpg 320w, https:\/\/hier-luebeck.de\/wp-content\/uploads\/2011\/02\/Wasserleiche-HL-1-058-512x340.jpg 512w\" sizes=\"auto, (max-width: 550px) 100vw, 550px\" \/><\/a>\n\t\t\t<\/div><\/figure><figure class='gallery-item'>\n\t\t\t<div class='gallery-icon landscape'>\n\t\t\t\t<a href='https:\/\/hier-luebeck.de\/index.php\/28408\/wasserleiche-hl-1-069\/'><img loading=\"lazy\" decoding=\"async\" width=\"550\" height=\"365\" src=\"https:\/\/hier-luebeck.de\/wp-content\/uploads\/2011\/02\/Wasserleiche-HL-1-069.jpg\" class=\"attachment-colormag-featured-image size-colormag-featured-image\" alt=\"\" srcset=\"https:\/\/hier-luebeck.de\/wp-content\/uploads\/2011\/02\/Wasserleiche-HL-1-069.jpg 550w, https:\/\/hier-luebeck.de\/wp-content\/uploads\/2011\/02\/Wasserleiche-HL-1-069-320x212.jpg 320w, https:\/\/hier-luebeck.de\/wp-content\/uploads\/2011\/02\/Wasserleiche-HL-1-069-512x340.jpg 512w\" sizes=\"auto, (max-width: 550px) 100vw, 550px\" \/><\/a>\n\t\t\t<\/div><\/figure><figure class='gallery-item'>\n\t\t\t<div class='gallery-icon landscape'>\n\t\t\t\t<a href='https:\/\/hier-luebeck.de\/index.php\/28408\/wasserleiche-hl-1-071\/'><img loading=\"lazy\" decoding=\"async\" width=\"550\" height=\"365\" src=\"https:\/\/hier-luebeck.de\/wp-content\/uploads\/2011\/02\/Wasserleiche-HL-1-071.jpg\" class=\"attachment-colormag-featured-image size-colormag-featured-image\" alt=\"\" srcset=\"https:\/\/hier-luebeck.de\/wp-content\/uploads\/2011\/02\/Wasserleiche-HL-1-071.jpg 550w, https:\/\/hier-luebeck.de\/wp-content\/uploads\/2011\/02\/Wasserleiche-HL-1-071-320x212.jpg 320w, https:\/\/hier-luebeck.de\/wp-content\/uploads\/2011\/02\/Wasserleiche-HL-1-071-512x340.jpg 512w\" sizes=\"auto, (max-width: 550px) 100vw, 550px\" \/><\/a>\n\t\t\t<\/div><\/figure><figure class='gallery-item'>\n\t\t\t<div class='gallery-icon landscape'>\n\t\t\t\t<a href='https:\/\/hier-luebeck.de\/index.php\/28408\/wasserleiche-hl-1-078\/'><img loading=\"lazy\" decoding=\"async\" width=\"550\" height=\"365\" src=\"https:\/\/hier-luebeck.de\/wp-content\/uploads\/2011\/02\/Wasserleiche-HL-1-078.jpg\" class=\"attachment-colormag-featured-image size-colormag-featured-image\" alt=\"\" srcset=\"https:\/\/hier-luebeck.de\/wp-content\/uploads\/2011\/02\/Wasserleiche-HL-1-078.jpg 550w, https:\/\/hier-luebeck.de\/wp-content\/uploads\/2011\/02\/Wasserleiche-HL-1-078-320x212.jpg 320w, https:\/\/hier-luebeck.de\/wp-content\/uploads\/2011\/02\/Wasserleiche-HL-1-078-512x340.jpg 512w\" sizes=\"auto, (max-width: 550px) 100vw, 550px\" \/><\/a>\n\t\t\t<\/div><\/figure>\n\t\t<\/div>\n\n","protected":false},"excerpt":{"rendered":"<p>Fotos: TBF\/Holger Kr\u00f6ger &#8211; L\u00fcbeck (ots) &#8211; Bei dem heute Morgen tot im Petroleumhafen geborgenen 54- j\u00e4hrigen Bootseigner liegen nach<\/p>\n","protected":false},"author":3,"featured_media":197646,"comment_status":"open","ping_status":"open","sticky":false,"template":"","format":"standard","meta":{"colormag_page_container_layout":"default_layout","colormag_page_sidebar_layout":"default_layout","footnotes":""},"categories":[5],"tags":[],"class_list":["post-28408","post","type-post","status-publish","format-standard","has-post-thumbnail","hentry","category-politik-wirtschaft"],"_links":{"self":[{"href":"https:\/\/hier-luebeck.de\/index.php\/wp-json\/wp\/v2\/posts\/28408","targetHints":{"allow":["GET"]}}],"collection":[{"href":"https:\/\/hier-luebeck.de\/index.php\/wp-json\/wp\/v2\/posts"}],"about":[{"href":"https:\/\/hier-luebeck.de\/index.php\/wp-json\/wp\/v2\/types\/post"}],"author":[{"embeddable":true,"href":"https:\/\/hier-luebeck.de\/index.php\/wp-json\/wp\/v2\/users\/3"}],"replies":[{"embeddable":true,"href":"https:\/\/hier-luebeck.de\/index.php\/wp-json\/wp\/v2\/comments?post=28408"}],"version-history":[{"count":1,"href":"https:\/\/hier-luebeck.de\/index.php\/wp-json\/wp\/v2\/posts\/28408\/revisions"}],"predecessor-version":[{"id":197645,"href":"https:\/\/hier-luebeck.de\/index.php\/wp-json\/wp\/v2\/posts\/28408\/revisions\/197645"}],"wp:featuredmedia":[{"embeddable":true,"href":"https:\/\/hier-luebeck.de\/index.php\/wp-json\/wp\/v2\/media\/197646"}],"wp:attachment":[{"href":"https:\/\/hier-luebeck.de\/index.php\/wp-json\/wp\/v2\/media?parent=28408"}],"wp:term":[{"taxonomy":"category","embeddable":true,"href":"https:\/\/hier-luebeck.de\/index.php\/wp-json\/wp\/v2\/categories?post=28408"},{"taxonomy":"post_tag","embeddable":true,"href":"https:\/\/hier-luebeck.de\/index.php\/wp-json\/wp\/v2\/tags?post=28408"}],"curies":[{"name":"wp","href":"https:\/\/api.w.org\/{rel}","templated":true}]}}