{"id":28415,"date":"2011-02-08T17:48:03","date_gmt":"2011-02-08T16:48:03","guid":{"rendered":"http:\/\/www.hier-luebeck.de\/?p=28415"},"modified":"2011-02-08T17:48:04","modified_gmt":"2011-02-08T16:48:04","slug":"pol-hl-oh-bab-1-fahrtrichtung-puttgarden-hohe-schashagen-windboe-fuhrt-zu-unfall-auf-der-autobahn","status":"publish","type":"post","link":"https:\/\/hier-luebeck.de\/index.php\/pol-hl-oh-bab-1-fahrtrichtung-puttgarden-hohe-schashagen-windboe-fuhrt-zu-unfall-auf-der-autobahn\/","title":{"rendered":"POL-HL: OH &#8211; BAB 1, Fahrtrichtung Puttgarden, H\u00f6he Schashagen \/ Windb\u00f6e f\u00fchrt zu Unfall auf der Autobahn"},"content":{"rendered":"<p><a rel=\"attachment wp-att-10985\" href=\"http:\/\/www.hier-luebeck.de\/2010\/02\/pol-hl-hl-st-jurgen-rotloscherstrase-polizei-nimmt-einbrecher-fest\/funkstreifers-13\/\"><img loading=\"lazy\" decoding=\"async\" class=\"alignleft size-full wp-image-10985\" title=\"FunkstreifeRS\" src=\"http:\/\/www.hier-luebeck.de\/wp-content\/uploads\/2010\/02\/FunkstreifeRS6.JPG\" alt=\"\" width=\"220\" height=\"165\" \/><\/a>L\u00fcbeck (ots) &#8211; Eine 52-j\u00e4hrige Bremerin wurde Freitagvormittag, gegen 09.50 Uhr, auf der A1 von einer kr\u00e4ftigen Windb\u00f6e \u00fcberrascht, als sie mit ihrem Renault Kangoo einem Laster In Fahrtrichtung Puttgarden folgte.<!--more--><\/p>\n<p>Auf H\u00f6he Schashagen dr\u00fcckte der Wind den Renault offenbar so stark nach rechts, dass die Frau die Kontrolle \u00fcber den Wagen verlor, gegen die Schutzleitplanke prallte und letztlich auf dem Dach liegend zum Stillstand kam.<\/p>\n<p>Zwei Funkwagenbesatzungen des Polizei-Autobahnreviers Scharbeutz fuhren zum Unfallort. Die Fahrerin erlitt leichte Kopfverletzungen und wurde in das Krankenhaus nach Neustadt i.H. gebracht. Die Frau wird vermutlich nach ambulanter Behandlung wieder entlassen werden.<\/p>\n<p>Die Schadensh\u00f6he wird mit rund 5.000 Euro beziffert.<\/p>\n<p>Die Richtungsfahrbahn wurde w\u00e4hrend der Rettungsarbeiten f\u00fcr rund 20 Minuten gesperrt.<\/p>\n","protected":false},"excerpt":{"rendered":"<p>L\u00fcbeck (ots) &#8211; Eine 52-j\u00e4hrige Bremerin wurde Freitagvormittag, gegen 09.50 Uhr, auf der A1 von einer kr\u00e4ftigen Windb\u00f6e \u00fcberrascht, als<\/p>\n","protected":false},"author":3,"featured_media":0,"comment_status":"open","ping_status":"open","sticky":false,"template":"","format":"standard","meta":{"colormag_page_container_layout":"default_layout","colormag_page_sidebar_layout":"default_layout","footnotes":""},"categories":[20],"tags":[],"class_list":["post-28415","post","type-post","status-publish","format-standard","hentry","category-besondere-neuigkeiten"],"_links":{"self":[{"href":"https:\/\/hier-luebeck.de\/index.php\/wp-json\/wp\/v2\/posts\/28415","targetHints":{"allow":["GET"]}}],"collection":[{"href":"https:\/\/hier-luebeck.de\/index.php\/wp-json\/wp\/v2\/posts"}],"about":[{"href":"https:\/\/hier-luebeck.de\/index.php\/wp-json\/wp\/v2\/types\/post"}],"author":[{"embeddable":true,"href":"https:\/\/hier-luebeck.de\/index.php\/wp-json\/wp\/v2\/users\/3"}],"replies":[{"embeddable":true,"href":"https:\/\/hier-luebeck.de\/index.php\/wp-json\/wp\/v2\/comments?post=28415"}],"version-history":[{"count":0,"href":"https:\/\/hier-luebeck.de\/index.php\/wp-json\/wp\/v2\/posts\/28415\/revisions"}],"wp:attachment":[{"href":"https:\/\/hier-luebeck.de\/index.php\/wp-json\/wp\/v2\/media?parent=28415"}],"wp:term":[{"taxonomy":"category","embeddable":true,"href":"https:\/\/hier-luebeck.de\/index.php\/wp-json\/wp\/v2\/categories?post=28415"},{"taxonomy":"post_tag","embeddable":true,"href":"https:\/\/hier-luebeck.de\/index.php\/wp-json\/wp\/v2\/tags?post=28415"}],"curies":[{"name":"wp","href":"https:\/\/api.w.org\/{rel}","templated":true}]}}