{"id":28418,"date":"2011-02-08T17:50:41","date_gmt":"2011-02-08T16:50:41","guid":{"rendered":"http:\/\/www.hier-luebeck.de\/?p=28418"},"modified":"2011-02-08T17:50:41","modified_gmt":"2011-02-08T16:50:41","slug":"vortrag-zu-europaischer-gartenkunst","status":"publish","type":"post","link":"https:\/\/hier-luebeck.de\/index.php\/vortrag-zu-europaischer-gartenkunst\/","title":{"rendered":"Vortrag zu europ\u00e4ischer Gartenkunst"},"content":{"rendered":"<p><a rel=\"attachment wp-att-10496\" href=\"http:\/\/www.hier-luebeck.de\/2010\/01\/%e2%80%9etropensafaris%e2%80%9c-in-kinderkursen-des-naturmuseums\/naturmuseum-eing-2\/\"><img loading=\"lazy\" decoding=\"async\" class=\"alignleft size-full wp-image-10496\" title=\"NaturMuseum-Eing\" src=\"http:\/\/www.hier-luebeck.de\/wp-content\/uploads\/2010\/01\/NaturMuseum-Eing1.jpg\" alt=\"\" width=\"200\" height=\"146\" \/><\/a>L\u00fcneburger Referentin spricht am 15. Februar im Naturkundemuseum<\/p>\n<p>Der Garten: In der Kunstgeschichte und Literatur steht er als Bild f\u00fcr die Liebe, f\u00fcr Lust und Verfall. Zeitgen\u00f6ssische Gartengestalter sehen ihn als den letzten Luxus unserer Tage.<!--more--> Ein Vortrag, der sich mit der Gartenkunst von der Antike bis heute besch\u00e4ftigt, ist am Dienstag, 15. Februar, im Rahmen der \u201eDienstagsvortr\u00e4ge\u201c in der Gemeinn\u00fctzigen zu h\u00f6ren. Die Referentin Kirsten Wagner, stellvertretende Gesch\u00e4ftsf\u00fchrerin in der Hamburgischen Kulturstiftung und Lehrbeauftragte der Leuphana Universit\u00e4t L\u00fcneburg im Bereich Kulturvermittlung und Kulturorganisation, widmet sich anschaulich dieser bl\u00fchenden Thematik. Der Vortrag, der um 19.30 Uhr beginnt, streift Charakteristiken der Anlage und Bepflanzung ebenso wie beispielhafte Parks oder Anlagen. Die Veranstaltung ist eine Kooperation mit dem Gr\u00fcnen Kreis L\u00fcbeck e.V. und dem Museum f\u00fcr Natur und Umwelt.<\/p>\n<p>Der Eintritt ist frei.<\/p>\n","protected":false},"excerpt":{"rendered":"<p>L\u00fcneburger Referentin spricht am 15. Februar im Naturkundemuseum Der Garten: In der Kunstgeschichte und Literatur steht er als Bild f\u00fcr<\/p>\n","protected":false},"author":3,"featured_media":0,"comment_status":"open","ping_status":"open","sticky":false,"template":"","format":"standard","meta":{"colormag_page_container_layout":"default_layout","colormag_page_sidebar_layout":"default_layout","footnotes":""},"categories":[13],"tags":[],"class_list":["post-28418","post","type-post","status-publish","format-standard","hentry","category-veranstaltungen"],"_links":{"self":[{"href":"https:\/\/hier-luebeck.de\/index.php\/wp-json\/wp\/v2\/posts\/28418","targetHints":{"allow":["GET"]}}],"collection":[{"href":"https:\/\/hier-luebeck.de\/index.php\/wp-json\/wp\/v2\/posts"}],"about":[{"href":"https:\/\/hier-luebeck.de\/index.php\/wp-json\/wp\/v2\/types\/post"}],"author":[{"embeddable":true,"href":"https:\/\/hier-luebeck.de\/index.php\/wp-json\/wp\/v2\/users\/3"}],"replies":[{"embeddable":true,"href":"https:\/\/hier-luebeck.de\/index.php\/wp-json\/wp\/v2\/comments?post=28418"}],"version-history":[{"count":0,"href":"https:\/\/hier-luebeck.de\/index.php\/wp-json\/wp\/v2\/posts\/28418\/revisions"}],"wp:attachment":[{"href":"https:\/\/hier-luebeck.de\/index.php\/wp-json\/wp\/v2\/media?parent=28418"}],"wp:term":[{"taxonomy":"category","embeddable":true,"href":"https:\/\/hier-luebeck.de\/index.php\/wp-json\/wp\/v2\/categories?post=28418"},{"taxonomy":"post_tag","embeddable":true,"href":"https:\/\/hier-luebeck.de\/index.php\/wp-json\/wp\/v2\/tags?post=28418"}],"curies":[{"name":"wp","href":"https:\/\/api.w.org\/{rel}","templated":true}]}}