{"id":28421,"date":"2011-02-08T17:52:33","date_gmt":"2011-02-08T16:52:33","guid":{"rendered":"http:\/\/www.hier-luebeck.de\/?p=28421"},"modified":"2011-02-08T17:52:33","modified_gmt":"2011-02-08T16:52:33","slug":"hl-st-gertrud-sandberg-neue-hafenstrase-fluchtige-tater-festgenommen","status":"publish","type":"post","link":"https:\/\/hier-luebeck.de\/index.php\/hl-st-gertrud-sandberg-neue-hafenstrase-fluchtige-tater-festgenommen\/","title":{"rendered":"HL-St. Gertrud-Sandberg-Neue Hafenstra\u00dfe &#8211; Fl\u00fcchtige T\u00e4ter festgenommen"},"content":{"rendered":"<p><a rel=\"attachment wp-att-10985\" href=\"http:\/\/www.hier-luebeck.de\/2010\/02\/pol-hl-hl-st-jurgen-rotloscherstrase-polizei-nimmt-einbrecher-fest\/funkstreifers-13\/\"><img loading=\"lazy\" decoding=\"async\" class=\"alignleft size-full wp-image-10985\" title=\"FunkstreifeRS\" src=\"http:\/\/www.hier-luebeck.de\/wp-content\/uploads\/2010\/02\/FunkstreifeRS6.JPG\" alt=\"\" width=\"220\" height=\"165\" \/><\/a>Der L\u00fcbecker Polizei gelang am heutigen Dienstag, 08. Februar 2011, kurz vor 02.00 Uhr die vorl\u00e4ufige Festnahme von zwei Tatverd\u00e4chtigen. Ihnen wird der Diebstahl eines Pkw Hyundai vorgeworfen.<!--more--><\/p>\n<p>Das Fahrzeug fiel den Polizisten des 3. Polizeireviers im Bereich Sandberg auf. Die Beamten gaben Haltezeichen und wollten den Hyundai zur Kontrolle stoppen. Diese missachtete der Fahrer und beschleunigte den Pkw in Richtung Neue Hafenstra\u00dfe.<\/p>\n<p>Unter dem Fahrzeug konnten die Beamten w\u00e4hrend der Fahrt mehrfachen Funkenflug wahrnehmen. An der Auffahrt zur Eric-Warburg-Br\u00fccke qualmte es bei dem  Wagen pl\u00f6tzlich im Bereich der Motorhaube. Kurze Zeit sp\u00e4ter brannte es im Bereich des Motorblockes.<\/p>\n<p>Der 21-j\u00e4hrige Fahrer aus L\u00fcbeck sprang aus dem nicht mehr fahrbereiten Fahrzeug und fl\u00fcchtete zu Fu\u00df \u00fcber die Br\u00fccke. Nach kurzer Verfolgung zu Fu\u00df konnte der Mann dann von der Polizei gestellt werden. Ein 19-j\u00e4hriger L\u00fcbecker, welcher auf dem Beifahrersitz sa\u00df, konnte noch am Fahrzeug vorl\u00e4ufig festgenommen werden.<\/p>\n<p>Nach ersten Ermittlungen waren an dem Fahrzeug entwendete Kennzeichen angebracht. Der Pkw ist nicht zugelassen und es besteht der Verdacht des Diebstahls. Zudem ist der Fahrer nicht im Besitz einer Fahrerlaubnis.<\/p>\n<p>Die beiden Tatverd\u00e4chtigen wurden dem Zentralen Kriminaldauerdienst zugef\u00fchrt und der Pkw sichergestellt.<\/p>\n<p>F\u00fcr das Feuer im Motorraum wurde die Berufsfeuerwehr L\u00fcbeck angefordert. Bei deren Eintreffen musste diese aber nicht mehr t\u00e4tig werden. Das Feuer war zwischenzeitlich erloschen. Insgesamt wurden f\u00fcnf Streifenwagen eingesetzt.<\/p>\n","protected":false},"excerpt":{"rendered":"<p>Der L\u00fcbecker Polizei gelang am heutigen Dienstag, 08. Februar 2011, kurz vor 02.00 Uhr die vorl\u00e4ufige Festnahme von zwei Tatverd\u00e4chtigen.<\/p>\n","protected":false},"author":3,"featured_media":0,"comment_status":"open","ping_status":"open","sticky":false,"template":"","format":"standard","meta":{"colormag_page_container_layout":"default_layout","colormag_page_sidebar_layout":"default_layout","footnotes":""},"categories":[20],"tags":[],"class_list":["post-28421","post","type-post","status-publish","format-standard","hentry","category-besondere-neuigkeiten"],"_links":{"self":[{"href":"https:\/\/hier-luebeck.de\/index.php\/wp-json\/wp\/v2\/posts\/28421","targetHints":{"allow":["GET"]}}],"collection":[{"href":"https:\/\/hier-luebeck.de\/index.php\/wp-json\/wp\/v2\/posts"}],"about":[{"href":"https:\/\/hier-luebeck.de\/index.php\/wp-json\/wp\/v2\/types\/post"}],"author":[{"embeddable":true,"href":"https:\/\/hier-luebeck.de\/index.php\/wp-json\/wp\/v2\/users\/3"}],"replies":[{"embeddable":true,"href":"https:\/\/hier-luebeck.de\/index.php\/wp-json\/wp\/v2\/comments?post=28421"}],"version-history":[{"count":0,"href":"https:\/\/hier-luebeck.de\/index.php\/wp-json\/wp\/v2\/posts\/28421\/revisions"}],"wp:attachment":[{"href":"https:\/\/hier-luebeck.de\/index.php\/wp-json\/wp\/v2\/media?parent=28421"}],"wp:term":[{"taxonomy":"category","embeddable":true,"href":"https:\/\/hier-luebeck.de\/index.php\/wp-json\/wp\/v2\/categories?post=28421"},{"taxonomy":"post_tag","embeddable":true,"href":"https:\/\/hier-luebeck.de\/index.php\/wp-json\/wp\/v2\/tags?post=28421"}],"curies":[{"name":"wp","href":"https:\/\/api.w.org\/{rel}","templated":true}]}}