{"id":28428,"date":"2011-02-08T17:56:51","date_gmt":"2011-02-08T16:56:51","guid":{"rendered":"http:\/\/www.hier-luebeck.de\/?p=28428"},"modified":"2011-02-08T17:56:51","modified_gmt":"2011-02-08T16:56:51","slug":"pol-hl-hl-st-lorenz-nord-beethovenstrase-baum-sturzte-auf-geparktes-auto","status":"publish","type":"post","link":"https:\/\/hier-luebeck.de\/index.php\/pol-hl-hl-st-lorenz-nord-beethovenstrase-baum-sturzte-auf-geparktes-auto\/","title":{"rendered":"POL-HL: HL &#8211; St. Lorenz Nord, Beethovenstra\u00dfe \/ Baum st\u00fcrzte auf geparktes Auto"},"content":{"rendered":"<p><a rel=\"attachment wp-att-10985\" href=\"http:\/\/www.hier-luebeck.de\/2010\/02\/pol-hl-hl-st-jurgen-rotloscherstrase-polizei-nimmt-einbrecher-fest\/funkstreifers-13\/\"><img loading=\"lazy\" decoding=\"async\" class=\"alignleft size-full wp-image-10985\" title=\"FunkstreifeRS\" src=\"http:\/\/www.hier-luebeck.de\/wp-content\/uploads\/2010\/02\/FunkstreifeRS6.JPG\" alt=\"\" width=\"220\" height=\"165\" \/><\/a>L\u00fcbeck (ots) &#8211; Beamte des 2. Polizeireviers L\u00fcbeck wurden am Montag, um 22.49 Uhr, zu einem Sturmschaden in die Beethovenstra\u00dfe entsandt. Durch die teils orkanartigen Windb\u00f6en war hier ein Baum abgebrochen und auf das Dach eines darunter abgestellten Daihatsu gefallen.<!--more--><\/p>\n<p>Der 63-j\u00e4hrige Grundst\u00fccksbesitzer hatte den Vorfall offenbar noch nicht bemerkt und wurde daher von den Polizisten informiert. Die daraufhin angeforderten Einsatzkr\u00e4fte der Feuerwehr zerlegten den Baum und s\u00e4uberten die Stra\u00dfe von weiteren \u00c4sten.<\/p>\n<p>Das Dach des Daihatsu war durch den Baum erheblich eingedr\u00fcckt worden. Auch die Windschutzscheibe wurde hierdurch zerst\u00f6rt. Das Auto geh\u00f6rt einem 39-j\u00e4hrigen L\u00fcbecker. Die Gesamtschadensh\u00f6he ist noch unbekannt.<\/p>\n","protected":false},"excerpt":{"rendered":"<p>L\u00fcbeck (ots) &#8211; Beamte des 2. Polizeireviers L\u00fcbeck wurden am Montag, um 22.49 Uhr, zu einem Sturmschaden in die Beethovenstra\u00dfe<\/p>\n","protected":false},"author":3,"featured_media":0,"comment_status":"open","ping_status":"open","sticky":false,"template":"","format":"standard","meta":{"colormag_page_container_layout":"default_layout","colormag_page_sidebar_layout":"default_layout","footnotes":""},"categories":[20],"tags":[],"class_list":["post-28428","post","type-post","status-publish","format-standard","hentry","category-besondere-neuigkeiten"],"_links":{"self":[{"href":"https:\/\/hier-luebeck.de\/index.php\/wp-json\/wp\/v2\/posts\/28428","targetHints":{"allow":["GET"]}}],"collection":[{"href":"https:\/\/hier-luebeck.de\/index.php\/wp-json\/wp\/v2\/posts"}],"about":[{"href":"https:\/\/hier-luebeck.de\/index.php\/wp-json\/wp\/v2\/types\/post"}],"author":[{"embeddable":true,"href":"https:\/\/hier-luebeck.de\/index.php\/wp-json\/wp\/v2\/users\/3"}],"replies":[{"embeddable":true,"href":"https:\/\/hier-luebeck.de\/index.php\/wp-json\/wp\/v2\/comments?post=28428"}],"version-history":[{"count":0,"href":"https:\/\/hier-luebeck.de\/index.php\/wp-json\/wp\/v2\/posts\/28428\/revisions"}],"wp:attachment":[{"href":"https:\/\/hier-luebeck.de\/index.php\/wp-json\/wp\/v2\/media?parent=28428"}],"wp:term":[{"taxonomy":"category","embeddable":true,"href":"https:\/\/hier-luebeck.de\/index.php\/wp-json\/wp\/v2\/categories?post=28428"},{"taxonomy":"post_tag","embeddable":true,"href":"https:\/\/hier-luebeck.de\/index.php\/wp-json\/wp\/v2\/tags?post=28428"}],"curies":[{"name":"wp","href":"https:\/\/api.w.org\/{rel}","templated":true}]}}