{"id":28436,"date":"2011-02-08T18:02:52","date_gmt":"2011-02-08T17:02:52","guid":{"rendered":"http:\/\/www.hier-luebeck.de\/?p=28436"},"modified":"2011-02-08T18:02:52","modified_gmt":"2011-02-08T17:02:52","slug":"kopftucher-in-verschiedenen-kulturen","status":"publish","type":"post","link":"https:\/\/hier-luebeck.de\/index.php\/kopftucher-in-verschiedenen-kulturen\/","title":{"rendered":"Kopft\u00fccher in verschiedenen Kulturen"},"content":{"rendered":"<p><a rel=\"attachment wp-att-16356\" href=\"http:\/\/www.hier-luebeck.de\/2010\/06\/vhs-vortrag-uber-den-umgang-mit-rechenschwache\/vhslogo-5\/\"><img loading=\"lazy\" decoding=\"async\" class=\"alignleft size-full wp-image-16356\" title=\"VHSLogo\" src=\"http:\/\/www.hier-luebeck.de\/wp-content\/uploads\/2010\/05\/VHSLogo.jpg\" alt=\"\" width=\"218\" height=\"96\" \/><\/a>Vortrag in der VHS: Wie uns die eigene Kulturgeschichte einholt<\/p>\n<p>Die Kopftuchmode \u00e4ndert sich seit Jahrhunderten bei M\u00e4nnern und Frauen. Im Zentrum des Vortrages von Frauke Borchers stehen Mitteleuropa und der Mittlere Osten.<!--more--> Dabei wird deutlich, dass bei der muslimischen Kopftuchdiskussion eigene kulturelle Eigenheiten aus der Vergangenheit mitschwingen. Ob ein Kopftuch politisch oder religi\u00f6s getragen wird, praktisch ist oder provokativ wirkt, h\u00e4ngt vom Wissen um das Andere ab. Ab 18.45 Uhr und nach dem Vortrag gibt es den Kurzfilm \u201eZwischen Welten\u201c von Dorothea Carl zu sehen, einem Beitrag der Nordischen Filmtage 2010.<\/p>\n<p>Die Veranstaltung findet in der H\u00fcxstra\u00dfe 118-120 am Donnerstag, 17. Februar 2011, von 19 bis 20 Uhr statt. Der Eintritt betr\u00e4gt sechs, erm\u00e4\u00dfigt 4,50 Euro.<\/p>\n","protected":false},"excerpt":{"rendered":"<p>Vortrag in der VHS: Wie uns die eigene Kulturgeschichte einholt Die Kopftuchmode \u00e4ndert sich seit Jahrhunderten bei M\u00e4nnern und Frauen.<\/p>\n","protected":false},"author":3,"featured_media":0,"comment_status":"open","ping_status":"open","sticky":false,"template":"","format":"standard","meta":{"colormag_page_container_layout":"default_layout","colormag_page_sidebar_layout":"default_layout","footnotes":""},"categories":[20],"tags":[],"class_list":["post-28436","post","type-post","status-publish","format-standard","hentry","category-besondere-neuigkeiten"],"_links":{"self":[{"href":"https:\/\/hier-luebeck.de\/index.php\/wp-json\/wp\/v2\/posts\/28436","targetHints":{"allow":["GET"]}}],"collection":[{"href":"https:\/\/hier-luebeck.de\/index.php\/wp-json\/wp\/v2\/posts"}],"about":[{"href":"https:\/\/hier-luebeck.de\/index.php\/wp-json\/wp\/v2\/types\/post"}],"author":[{"embeddable":true,"href":"https:\/\/hier-luebeck.de\/index.php\/wp-json\/wp\/v2\/users\/3"}],"replies":[{"embeddable":true,"href":"https:\/\/hier-luebeck.de\/index.php\/wp-json\/wp\/v2\/comments?post=28436"}],"version-history":[{"count":0,"href":"https:\/\/hier-luebeck.de\/index.php\/wp-json\/wp\/v2\/posts\/28436\/revisions"}],"wp:attachment":[{"href":"https:\/\/hier-luebeck.de\/index.php\/wp-json\/wp\/v2\/media?parent=28436"}],"wp:term":[{"taxonomy":"category","embeddable":true,"href":"https:\/\/hier-luebeck.de\/index.php\/wp-json\/wp\/v2\/categories?post=28436"},{"taxonomy":"post_tag","embeddable":true,"href":"https:\/\/hier-luebeck.de\/index.php\/wp-json\/wp\/v2\/tags?post=28436"}],"curies":[{"name":"wp","href":"https:\/\/api.w.org\/{rel}","templated":true}]}}