{"id":28524,"date":"2011-02-09T17:38:36","date_gmt":"2011-02-09T16:38:36","guid":{"rendered":"http:\/\/www.hier-luebeck.de\/?p=28524"},"modified":"2011-02-09T17:38:36","modified_gmt":"2011-02-09T16:38:36","slug":"innenpolitik-werner-kalinka-und-markus-matthiesen-zur-wahlrechtsanhorung-einen-unstrittigen-entwurf-gibt-es-nicht","status":"publish","type":"post","link":"https:\/\/hier-luebeck.de\/index.php\/innenpolitik-werner-kalinka-und-markus-matthiesen-zur-wahlrechtsanhorung-einen-unstrittigen-entwurf-gibt-es-nicht\/","title":{"rendered":"Innenpolitik: Werner Kalinka und Markus Matthie\u00dfen zur Wahlrechtsanh\u00f6rung:  Einen unstrittigen Entwurf gibt es nicht!"},"content":{"rendered":"<p>Nach der heutigen Anh\u00f6rung des Innen- und Rechtsausschusses des Landtages hat der Fraktionsarbeitskreis \u201eInnen und Recht\u201c der CDU-Landtagsfraktion ein Fazit gezogen.<br \/>\nDazu erkl\u00e4ren der innenpolitische Sprecher, Werner Kalinka, und der Landtagsabgeordnete Markus Matthie\u00dfen:\u00a0\u201eEin-Stimmenwahlrecht, Deckelung der<br \/>\nAusgleichsmandate und die Bereitschaft, auch \u00fcber ein anderes Wahlsystem zumindest nachzudenken \u2013 diese Ursprungsvorschl\u00e4ge der CDU-Landtagsfraktion zum Wahlrecht w\u00e4ren durchaus geeignet gewesen, die Reduzierung der Zahl der Abgeordneten im Landtag zu erreichen. Das hat jedenfalls die heutige Expertenanh\u00f6rung deutlich gemacht.<!--more-->Die Festlegung eines Wahltermins in der Landesverfassung ist von keiner Seite als notwendig erachtet worden. Insofern d\u00fcrfte diese Frage die Kompromissfindung nicht erschweren.\u00a0 Un\u00fcberwindbare H\u00fcrden f\u00fcr die Verabschiedung des Wahlgesetzes im M\u00e4rz 2011 haben sich aus der Anh\u00f6rung nicht ergeben. Es hat an den drei vorliegenden Entw\u00fcrfen sowohl Zustimmung wie auch Kritik gegeben. Einen unstrittigen Entwurf f\u00fcr ein neues Wahlgesetz gibt es unter den Vorgaben des Verfassungsgerichtes und den Mehrheitsverh\u00e4ltnissen des Landtages nicht. Kompromisse waren und sind notwendig, um zeitgerecht zum Ergebnis zu kommen.\u201c<\/p>\n","protected":false},"excerpt":{"rendered":"<p>Nach der heutigen Anh\u00f6rung des Innen- und Rechtsausschusses des Landtages hat der Fraktionsarbeitskreis \u201eInnen und Recht\u201c der CDU-Landtagsfraktion ein Fazit<\/p>\n","protected":false},"author":3,"featured_media":0,"comment_status":"open","ping_status":"open","sticky":false,"template":"","format":"standard","meta":{"colormag_page_container_layout":"default_layout","colormag_page_sidebar_layout":"default_layout","footnotes":""},"categories":[5],"tags":[],"class_list":["post-28524","post","type-post","status-publish","format-standard","hentry","category-politik-wirtschaft"],"_links":{"self":[{"href":"https:\/\/hier-luebeck.de\/index.php\/wp-json\/wp\/v2\/posts\/28524","targetHints":{"allow":["GET"]}}],"collection":[{"href":"https:\/\/hier-luebeck.de\/index.php\/wp-json\/wp\/v2\/posts"}],"about":[{"href":"https:\/\/hier-luebeck.de\/index.php\/wp-json\/wp\/v2\/types\/post"}],"author":[{"embeddable":true,"href":"https:\/\/hier-luebeck.de\/index.php\/wp-json\/wp\/v2\/users\/3"}],"replies":[{"embeddable":true,"href":"https:\/\/hier-luebeck.de\/index.php\/wp-json\/wp\/v2\/comments?post=28524"}],"version-history":[{"count":0,"href":"https:\/\/hier-luebeck.de\/index.php\/wp-json\/wp\/v2\/posts\/28524\/revisions"}],"wp:attachment":[{"href":"https:\/\/hier-luebeck.de\/index.php\/wp-json\/wp\/v2\/media?parent=28524"}],"wp:term":[{"taxonomy":"category","embeddable":true,"href":"https:\/\/hier-luebeck.de\/index.php\/wp-json\/wp\/v2\/categories?post=28524"},{"taxonomy":"post_tag","embeddable":true,"href":"https:\/\/hier-luebeck.de\/index.php\/wp-json\/wp\/v2\/tags?post=28524"}],"curies":[{"name":"wp","href":"https:\/\/api.w.org\/{rel}","templated":true}]}}