{"id":28574,"date":"2011-02-12T08:00:49","date_gmt":"2011-02-12T07:00:49","guid":{"rendered":"http:\/\/www.hier-luebeck.de\/?p=28574"},"modified":"2011-02-10T18:50:30","modified_gmt":"2011-02-10T17:50:30","slug":"erklarung-des-chefs-der-staatskanzlei-staatssekretar-dr-arne-wulff","status":"publish","type":"post","link":"https:\/\/hier-luebeck.de\/index.php\/erklarung-des-chefs-der-staatskanzlei-staatssekretar-dr-arne-wulff\/","title":{"rendered":"Erkl\u00e4rung des Chefs der Staatskanzlei, Staatssekret\u00e4r Dr. Arne Wulff"},"content":{"rendered":"<p>Zu dem Vorwurf, seine Dissertation zum Leben des ehemaligen Justizstaatsekret\u00e4rs und gesch\u00e4ftsf\u00fchrenden Reichsjustizministers Prof. Dr. Dr. h.c Franz Schlegelberger sei apolegetisch oder nicht von gen\u00fcgend Distanz gekennzeichnet, erkl\u00e4rt der Chef der Staatskanzlei, Dr. Arne Wulff:<!--more--><\/p>\n<p>&#8222;&#8220;Ziel der Dissertation war eine rechtshistorische Aufarbeitung der beruflichen Karriere des Juristen Schlegelberger eingebunden in sein Leben und seine Umgebung. Zentraler Kernpunkt war eine Darstellung der Anklage und der Verteidigung Schlegelbergers als Hauptangeklagter im N\u00fcrnberger Juristenprozess. &#8220;<br \/>\n&#8222;Konzeptionell beruhte die Arbeit u.a. auf der intensiven Durchsicht der N\u00fcrnberger Prozessakten sowie der Verwendung bis dato unbekannter Schriftst\u00fccke, insbesondere aus dem Nachlass von Rechtsanwalt Dr. Kubuschock, dem Prozessbevollm\u00e4chtigten Schlegelbergers. Bewusst verzichtete die Biographie auf moralische oder politische Bewertungen. Solche lagen zum Zeitpunkt ihrer Abhandlung auch bereits vor. Vielmehr wurde die Arbeit durch mich so abgefasst, dass sich jeder Leser ein eigenes Urteil bilden kann, ohne vom Autor in eine vorgefasste Meinung bewegt oder gedr\u00e4ngt zu werden.&#8220;<\/p>\n<p>&#8222;Mir daraus eine Rechtfertigung des Tun und Handelns Schlegelbergers vorzuhalten, ist konstruiert und politisch infam. Wer die Arbeit gelesen hat, wird vielmehr feststellen, dass ich besonderen Wert darauf gelegt habe, nicht nur die Verteidigung Schlegelbergers darzustellen, sondern ebenso die Anklage als auch die Entscheidungen der jeweiligen Gerichte. Die Arbeit ist insoweit auch auf Grund ihrer Vielzahl von Quellen dokumentarisch und nicht bewertend oder politisch. Dies war auch so gewollt.&#8220;<\/p>\n<p>&#8222;Die Dissertation wurde von Prof. Dr. Hattenhauer vergeben und von der Christian-Albrechts-Universit\u00e4t zu Kiel im Wintersemester 1990\/91 angenommen. Zweitkorrektor war Prof. Dr. Schubert. Sie wurde mit \u201emagna cum laude\u201c bewertet. Au\u00dferdem wurde die Dissertation von der Konrad-Adenauer-Stiftung gef\u00f6rdert.&#8220;<\/p>\n<p>&#8222;Pers\u00f6nlich engagiere ich mich seit dem 14. Lebensjahr f\u00fcr unsere freiheitliche und demokratische Staatsordnung. In meinem verschiedenen politischen \u00c4mtern seit dieser Zeit (u.a. Fraktionsvorsitzender Kiel und Stadtpr\u00e4sident Kiel) habe ich mich immer zur Demokratie bekannt und an meiner Ablehnung gegen\u00fcber allen totalit\u00e4ren Systemen, einschlie\u00dflich des Faschismus und Kommunismus, keinen Zweifel gelassen. Umso mehr empfinde ich es als bewusste politische Diffamierung, mir eine \u201eN\u00e4he zu brauner Justizvergangenheit\u201c zu unterstellen.&#8220;&#8220;<\/p>\n","protected":false},"excerpt":{"rendered":"<p>Zu dem Vorwurf, seine Dissertation zum Leben des ehemaligen Justizstaatsekret\u00e4rs und gesch\u00e4ftsf\u00fchrenden Reichsjustizministers Prof. Dr. Dr. h.c Franz Schlegelberger sei<\/p>\n","protected":false},"author":3,"featured_media":0,"comment_status":"open","ping_status":"open","sticky":false,"template":"","format":"standard","meta":{"colormag_page_container_layout":"default_layout","colormag_page_sidebar_layout":"default_layout","footnotes":""},"categories":[5],"tags":[],"class_list":["post-28574","post","type-post","status-publish","format-standard","hentry","category-politik-wirtschaft"],"_links":{"self":[{"href":"https:\/\/hier-luebeck.de\/index.php\/wp-json\/wp\/v2\/posts\/28574","targetHints":{"allow":["GET"]}}],"collection":[{"href":"https:\/\/hier-luebeck.de\/index.php\/wp-json\/wp\/v2\/posts"}],"about":[{"href":"https:\/\/hier-luebeck.de\/index.php\/wp-json\/wp\/v2\/types\/post"}],"author":[{"embeddable":true,"href":"https:\/\/hier-luebeck.de\/index.php\/wp-json\/wp\/v2\/users\/3"}],"replies":[{"embeddable":true,"href":"https:\/\/hier-luebeck.de\/index.php\/wp-json\/wp\/v2\/comments?post=28574"}],"version-history":[{"count":0,"href":"https:\/\/hier-luebeck.de\/index.php\/wp-json\/wp\/v2\/posts\/28574\/revisions"}],"wp:attachment":[{"href":"https:\/\/hier-luebeck.de\/index.php\/wp-json\/wp\/v2\/media?parent=28574"}],"wp:term":[{"taxonomy":"category","embeddable":true,"href":"https:\/\/hier-luebeck.de\/index.php\/wp-json\/wp\/v2\/categories?post=28574"},{"taxonomy":"post_tag","embeddable":true,"href":"https:\/\/hier-luebeck.de\/index.php\/wp-json\/wp\/v2\/tags?post=28574"}],"curies":[{"name":"wp","href":"https:\/\/api.w.org\/{rel}","templated":true}]}}