{"id":28593,"date":"2011-02-11T08:05:03","date_gmt":"2011-02-11T07:05:03","guid":{"rendered":"http:\/\/www.hier-luebeck.de\/?p=28593"},"modified":"2011-02-10T19:16:48","modified_gmt":"2011-02-10T18:16:48","slug":"edles-und-exquisites-top-tage-timmendorfer-strand-vom-23-bis-26-juni-2011","status":"publish","type":"post","link":"https:\/\/hier-luebeck.de\/index.php\/edles-und-exquisites-top-tage-timmendorfer-strand-vom-23-bis-26-juni-2011\/","title":{"rendered":"Edles und Exquisites: TOP TAGE Timmendorfer Strand vom 23. bis 26. Juni 2011"},"content":{"rendered":"<p>Bildbeschreibung: TOP TAGE Timmendorfer Strand<\/p>\n<p>Die Region Venezien mit den Destinationen Bassano del Grappa, Asolo und Castelfranco pr\u00e4sentiert \u201eKunst und Kulinarik\u201c. Malerin Lisa Grubb, New York, er\u00f6ffnet eine Ausstellung mit neuesten Werken und Champagner-Verkoster Philippe Schneider aus Reims\/ Frankreich bringt edle Tropfen an die K\u00fcste.<!--more--> Zuckertorten-Zauberer Georg Maushagen aus D\u00fcsseldorf zaubert \u201eZucker im Caf\u00e9\u201c und Weingutsbesitzerin Regine Stigler vom Kaiserstuhl \u00fcberzeugt mit besten badischen Weinen. \u201eTagesthemen\u201c-Anchorman Tom Buhrow, Hamburg liest: und alle sind bei den TOP TAGEN Timmendorfer Strand: \u201eDas Beste\u201c vom 23. Juni (Fronleichnam) bis zum 26. Juni mit dabei.<\/p>\n<p>\u201e\u00dcber vier Tage bietet Timmendorfer Strand ein langes Wochenende maritimer Lebensart\u201c, sagt Christian Jaletzke, Tourismuschef der Ostseeb\u00e4der Timmendorfer Strand und Niendorf. An den sch\u00f6nsten Pl\u00e4tzen im \u201eNizza des Nordens\u201c \u2013 dem Timmendorfer Platz, der Kurpromenade, im neuen Kurpark und auf der Maritim Seebr\u00fccke lassen sich exquisite und fassettenreiche Erlebnisse genie\u00dfen. Inspiration findet sich bei den neuesten Modetrends, eleganten Automodellen, Gourmetgen\u00fcssen, stilvoll inszenierter Kunst, Entertainment sowie sportlichen Impressionen.<\/p>\n<p>Die Liste weiterer teilnehmender Anbieter liest sich wie ein \u201eWho is Who\u201c von Top-Marken: vertreten sind u.a. Mercedes Benz, Porsche und Wiesmann in einer \u201eArena Automobile\u201c, Sternekoch Lutz Niemann aus der Orangerie des Maritim Seehotels kocht, flankiert von weiteren Spitzen-K\u00fcchenmeistern auf und beim Top-Fashion-Store \u201eCHRISTINAS\u201c sind die Labels Prada und Gucci zu Gast.<\/p>\n<p>Vor Ort auch Designerin Barbara Lohmann, die ihre Cashmere-Creationen zeigen wird. Juwelier Lindner (u.a. Cartier, Jaeger LeCoultre, Panerai und Rolex) hat die neuesten Sommertrends. Und in der \u201eSportwelt\u201c werden Golf, Beach Polo, Segeln, Surfen und Beach Hockey vorgestellt. Hochwertige Weinverkostungen, Kunstaktionen, Konzerte, Modeschauen und eine spektakul\u00e4re Licht &amp; Laser-Show mit Models auf der Maritim Seebr\u00fccke runden das \u201eProgramm der Preziosen\u201c ab.<\/p>\n<p>Premium-Partner der TOP TAGE Timmendorfer Strand: \u201eDas Beste\u201c sind Champagne Lanson, Bitburger, Securitas und die Sparkasse Holstein.<\/p>\n","protected":false},"excerpt":{"rendered":"<p>Bildbeschreibung: TOP TAGE Timmendorfer Strand Die Region Venezien mit den Destinationen Bassano del Grappa, Asolo und Castelfranco pr\u00e4sentiert \u201eKunst und<\/p>\n","protected":false},"author":3,"featured_media":0,"comment_status":"open","ping_status":"open","sticky":false,"template":"","format":"standard","meta":{"colormag_page_container_layout":"default_layout","colormag_page_sidebar_layout":"default_layout","footnotes":""},"categories":[13],"tags":[],"class_list":["post-28593","post","type-post","status-publish","format-standard","hentry","category-veranstaltungen"],"_links":{"self":[{"href":"https:\/\/hier-luebeck.de\/index.php\/wp-json\/wp\/v2\/posts\/28593","targetHints":{"allow":["GET"]}}],"collection":[{"href":"https:\/\/hier-luebeck.de\/index.php\/wp-json\/wp\/v2\/posts"}],"about":[{"href":"https:\/\/hier-luebeck.de\/index.php\/wp-json\/wp\/v2\/types\/post"}],"author":[{"embeddable":true,"href":"https:\/\/hier-luebeck.de\/index.php\/wp-json\/wp\/v2\/users\/3"}],"replies":[{"embeddable":true,"href":"https:\/\/hier-luebeck.de\/index.php\/wp-json\/wp\/v2\/comments?post=28593"}],"version-history":[{"count":0,"href":"https:\/\/hier-luebeck.de\/index.php\/wp-json\/wp\/v2\/posts\/28593\/revisions"}],"wp:attachment":[{"href":"https:\/\/hier-luebeck.de\/index.php\/wp-json\/wp\/v2\/media?parent=28593"}],"wp:term":[{"taxonomy":"category","embeddable":true,"href":"https:\/\/hier-luebeck.de\/index.php\/wp-json\/wp\/v2\/categories?post=28593"},{"taxonomy":"post_tag","embeddable":true,"href":"https:\/\/hier-luebeck.de\/index.php\/wp-json\/wp\/v2\/tags?post=28593"}],"curies":[{"name":"wp","href":"https:\/\/api.w.org\/{rel}","templated":true}]}}