{"id":28613,"date":"2011-02-11T11:48:23","date_gmt":"2011-02-11T10:48:23","guid":{"rendered":"http:\/\/www.hier-luebeck.de\/?p=28613"},"modified":"2011-02-11T11:48:23","modified_gmt":"2011-02-11T10:48:23","slug":"gedenkstunde-fur-heinz-werner-arens-innenminister-ordnet-trauerbeflaggung-an","status":"publish","type":"post","link":"https:\/\/hier-luebeck.de\/index.php\/gedenkstunde-fur-heinz-werner-arens-innenminister-ordnet-trauerbeflaggung-an\/","title":{"rendered":"Gedenkstunde f\u00fcr Heinz-Werner Arens; Innenminister ordnet Trauerbeflaggung an"},"content":{"rendered":"<p>Innenminister Klaus Schlie hat f\u00fcr den morgigen Samstag (12. Februar) Trauerbeflaggung angeordnet. Anlass ist eine Gedenkstunde des Schleswig-Holsteinischen Landtages f\u00fcr den verstorbenen fr\u00fcheren Landtagspr\u00e4sidenten Heinz-Werner Arens in der evangelisch-lutherischen St. J\u00fcrgen Kirche in Heide.<!--more--><\/p>\n<p>Die Halbmastbeflaggung gilt f\u00fcr die Dienstgeb\u00e4ude des Ministerpr\u00e4sidenten und der Ministerien einschlie\u00dflich ihrer Dienststellen in Heide. Dar\u00fcber hinaus empfiehlt der Innenminister allen Beh\u00f6rden mit Sitz in Heide, sich der Trauerbeflaggung anzuschlie\u00dfen.<\/p>\n","protected":false},"excerpt":{"rendered":"<p>Innenminister Klaus Schlie hat f\u00fcr den morgigen Samstag (12. Februar) Trauerbeflaggung angeordnet. Anlass ist eine Gedenkstunde des Schleswig-Holsteinischen Landtages f\u00fcr<\/p>\n","protected":false},"author":3,"featured_media":0,"comment_status":"open","ping_status":"open","sticky":false,"template":"","format":"standard","meta":{"colormag_page_container_layout":"default_layout","colormag_page_sidebar_layout":"default_layout","footnotes":""},"categories":[20],"tags":[],"class_list":["post-28613","post","type-post","status-publish","format-standard","hentry","category-besondere-neuigkeiten"],"_links":{"self":[{"href":"https:\/\/hier-luebeck.de\/index.php\/wp-json\/wp\/v2\/posts\/28613","targetHints":{"allow":["GET"]}}],"collection":[{"href":"https:\/\/hier-luebeck.de\/index.php\/wp-json\/wp\/v2\/posts"}],"about":[{"href":"https:\/\/hier-luebeck.de\/index.php\/wp-json\/wp\/v2\/types\/post"}],"author":[{"embeddable":true,"href":"https:\/\/hier-luebeck.de\/index.php\/wp-json\/wp\/v2\/users\/3"}],"replies":[{"embeddable":true,"href":"https:\/\/hier-luebeck.de\/index.php\/wp-json\/wp\/v2\/comments?post=28613"}],"version-history":[{"count":0,"href":"https:\/\/hier-luebeck.de\/index.php\/wp-json\/wp\/v2\/posts\/28613\/revisions"}],"wp:attachment":[{"href":"https:\/\/hier-luebeck.de\/index.php\/wp-json\/wp\/v2\/media?parent=28613"}],"wp:term":[{"taxonomy":"category","embeddable":true,"href":"https:\/\/hier-luebeck.de\/index.php\/wp-json\/wp\/v2\/categories?post=28613"},{"taxonomy":"post_tag","embeddable":true,"href":"https:\/\/hier-luebeck.de\/index.php\/wp-json\/wp\/v2\/tags?post=28613"}],"curies":[{"name":"wp","href":"https:\/\/api.w.org\/{rel}","templated":true}]}}