{"id":28764,"date":"2011-02-14T16:38:27","date_gmt":"2011-02-14T15:38:27","guid":{"rendered":"http:\/\/www.hier-luebeck.de\/?p=28764"},"modified":"2011-02-14T16:38:27","modified_gmt":"2011-02-14T15:38:27","slug":"pol-hl-hl-innenstadt-kohlmarkt-breite-strase-vorlaufige-festnahmen-von-taschendieben","status":"publish","type":"post","link":"https:\/\/hier-luebeck.de\/index.php\/pol-hl-hl-innenstadt-kohlmarkt-breite-strase-vorlaufige-festnahmen-von-taschendieben\/","title":{"rendered":"POL-HL: HL &#8211; Innenstadt, Kohlmarkt, Breite Stra\u00dfe \/ Vorl\u00e4ufige Festnahmen von Taschendieben"},"content":{"rendered":"<p><a rel=\"attachment wp-att-10985\" href=\"http:\/\/www.hier-luebeck.de\/2010\/02\/pol-hl-hl-st-jurgen-rotloscherstrase-polizei-nimmt-einbrecher-fest\/funkstreifers-13\/\"><img loading=\"lazy\" decoding=\"async\" class=\"alignleft size-full wp-image-10985\" title=\"FunkstreifeRS\" src=\"http:\/\/www.hier-luebeck.de\/wp-content\/uploads\/2010\/02\/FunkstreifeRS6.JPG\" alt=\"\" width=\"220\" height=\"165\" \/><\/a>L\u00fcbeck (ots) &#8211; Beamte der Zivilen Ermittlungsgruppe (ZEG) des 1.<br \/>\nPolizeireviers L\u00fcbeck \u00fcberpr\u00fcften am letzten Wochenende in der L\u00fcbecker Innenstadt vier Jugendliche im Alter von 15, 17, 17 und 19 Jahren, da sie im Verdacht stehen, f\u00fcr mehrere Gelddiebst\u00e4hle an Bushaltestellen sowie in einem Einkaufscenter verantwortlich zu sein.<!--more--><\/p>\n<p>Die aus dem s\u00fcdosteurop\u00e4ischen Raum stammenden Jugendlichen hatten es bei ihren Geld- und Handtaschendiebst\u00e4hlen offenbar auf \u00e4ltere, zum Teil behinderte Mitmenschen abgesehen und sie agierten bei der Tatausf\u00fchrung sehr professionell. In Zweiergruppen gingen die Tatverd\u00e4chtigen ihre Opfer an, verwickelten diese in ein Gespr\u00e4ch und durchsuchten hierbei Kleidungstaschen sowie Handtaschen. In den angrenzenden M\u00fclleimern konnten die Zivilfahnder mehrere gestohlene und entleerte Geldb\u00f6rsen finden und sicherstellen.<\/p>\n<p>Einige Gesch\u00e4digte konnten von den Ermittlern bereits \u00fcber das Auffinden der Geldb\u00f6rse und der oftmals darin enthaltenen wichtigen pers\u00f6nlichen Papiere unterrichtet werden. Weitere gesch\u00e4digte Personen werden gebeten, sich mit dem 1. Polizeirevier L\u00fcbeck unter 0451-131-0 in Verbindung zu setzen.<\/p>\n<p>Die vier tatverd\u00e4chtigen Jugendlichen wurden vorl\u00e4ufig festgenommen und zur  erkennungsdienstlichen Behandlung der Kripo zugef\u00fchrt. Nach Abschluss aller polizeilichen Ma\u00dfnahmen wurden sie wieder entlassen.<\/p>\n<p>Die Zivilfahnder warnen zudem vor einem Goldring-Trick der Taschendiebe. Ein aus billigem Messing gefertigter Ring wird dem ausgew\u00e4hlten Opfer vor die F\u00fc\u00dfe geworfen. Daraufhin wird das Opfer in ein Gespr\u00e4ch verwickelt und abgelenkt. Man schenkt dem Opfer den angeblich wertvollen Goldring und bittet um einen kleinen Geldbetrag von 10 oder 20 Euro als Entsch\u00e4digung. Hierdurch sehen die Taschendiebe dann den Aufbewahrungsort der Geldb\u00f6rse. Anschlie\u00dfend wird das Opfer nochmals abgelenkt und die T\u00e4ter durchsuchen unbemerkt Kleidung und Handtaschen nach den Wertsachen.<\/p>\n","protected":false},"excerpt":{"rendered":"<p>L\u00fcbeck (ots) &#8211; Beamte der Zivilen Ermittlungsgruppe (ZEG) des 1. Polizeireviers L\u00fcbeck \u00fcberpr\u00fcften am letzten Wochenende in der L\u00fcbecker Innenstadt<\/p>\n","protected":false},"author":3,"featured_media":0,"comment_status":"open","ping_status":"open","sticky":false,"template":"","format":"standard","meta":{"colormag_page_container_layout":"default_layout","colormag_page_sidebar_layout":"default_layout","footnotes":""},"categories":[20],"tags":[],"class_list":["post-28764","post","type-post","status-publish","format-standard","hentry","category-besondere-neuigkeiten"],"_links":{"self":[{"href":"https:\/\/hier-luebeck.de\/index.php\/wp-json\/wp\/v2\/posts\/28764","targetHints":{"allow":["GET"]}}],"collection":[{"href":"https:\/\/hier-luebeck.de\/index.php\/wp-json\/wp\/v2\/posts"}],"about":[{"href":"https:\/\/hier-luebeck.de\/index.php\/wp-json\/wp\/v2\/types\/post"}],"author":[{"embeddable":true,"href":"https:\/\/hier-luebeck.de\/index.php\/wp-json\/wp\/v2\/users\/3"}],"replies":[{"embeddable":true,"href":"https:\/\/hier-luebeck.de\/index.php\/wp-json\/wp\/v2\/comments?post=28764"}],"version-history":[{"count":0,"href":"https:\/\/hier-luebeck.de\/index.php\/wp-json\/wp\/v2\/posts\/28764\/revisions"}],"wp:attachment":[{"href":"https:\/\/hier-luebeck.de\/index.php\/wp-json\/wp\/v2\/media?parent=28764"}],"wp:term":[{"taxonomy":"category","embeddable":true,"href":"https:\/\/hier-luebeck.de\/index.php\/wp-json\/wp\/v2\/categories?post=28764"},{"taxonomy":"post_tag","embeddable":true,"href":"https:\/\/hier-luebeck.de\/index.php\/wp-json\/wp\/v2\/tags?post=28764"}],"curies":[{"name":"wp","href":"https:\/\/api.w.org\/{rel}","templated":true}]}}