{"id":28767,"date":"2011-02-14T16:40:06","date_gmt":"2011-02-14T15:40:06","guid":{"rendered":"http:\/\/www.hier-luebeck.de\/?p=28767"},"modified":"2011-02-14T16:40:06","modified_gmt":"2011-02-14T15:40:06","slug":"konzert","status":"publish","type":"post","link":"https:\/\/hier-luebeck.de\/index.php\/konzert\/","title":{"rendered":"Konzert"},"content":{"rendered":"<p>Donnerstag, 17. Februar 2011, 18 Uhr<br \/>\nKunsthalle St. Annen, L\u00fcbeck<\/p>\n<p>Solokonzerte von Haydn und Stamitz erklingen bei einem Konzert am Donnerstag, 17. Februar, um 18 Uhr im Foyer der Kunsthalle St. Annen.<!--more--> Mathias Johansen er\u00f6ffnet den Konzertabend mit einem St\u00fcck von Joseph Haydn f\u00fcr Violoncello und Orchester, Nail Bakiev spielt ein Violakonzert von Carl Stamitz, zum Abschluss wird ein weiteres Violoncellokonzert von Haydn dargeboten. Das Orchester besteht aus Studenten der Musikhochschule L\u00fcbeck unter Leitung von Prof. Hans-J\u00fcrgen Schnoor. Der Eintritt ist frei, Spenden werden erbeten.<\/p>\n","protected":false},"excerpt":{"rendered":"<p>Donnerstag, 17. Februar 2011, 18 Uhr Kunsthalle St. Annen, L\u00fcbeck Solokonzerte von Haydn und Stamitz erklingen bei einem Konzert am<\/p>\n","protected":false},"author":3,"featured_media":0,"comment_status":"open","ping_status":"open","sticky":false,"template":"","format":"standard","meta":{"colormag_page_container_layout":"default_layout","colormag_page_sidebar_layout":"default_layout","footnotes":""},"categories":[13],"tags":[],"class_list":["post-28767","post","type-post","status-publish","format-standard","hentry","category-veranstaltungen"],"_links":{"self":[{"href":"https:\/\/hier-luebeck.de\/index.php\/wp-json\/wp\/v2\/posts\/28767","targetHints":{"allow":["GET"]}}],"collection":[{"href":"https:\/\/hier-luebeck.de\/index.php\/wp-json\/wp\/v2\/posts"}],"about":[{"href":"https:\/\/hier-luebeck.de\/index.php\/wp-json\/wp\/v2\/types\/post"}],"author":[{"embeddable":true,"href":"https:\/\/hier-luebeck.de\/index.php\/wp-json\/wp\/v2\/users\/3"}],"replies":[{"embeddable":true,"href":"https:\/\/hier-luebeck.de\/index.php\/wp-json\/wp\/v2\/comments?post=28767"}],"version-history":[{"count":0,"href":"https:\/\/hier-luebeck.de\/index.php\/wp-json\/wp\/v2\/posts\/28767\/revisions"}],"wp:attachment":[{"href":"https:\/\/hier-luebeck.de\/index.php\/wp-json\/wp\/v2\/media?parent=28767"}],"wp:term":[{"taxonomy":"category","embeddable":true,"href":"https:\/\/hier-luebeck.de\/index.php\/wp-json\/wp\/v2\/categories?post=28767"},{"taxonomy":"post_tag","embeddable":true,"href":"https:\/\/hier-luebeck.de\/index.php\/wp-json\/wp\/v2\/tags?post=28767"}],"curies":[{"name":"wp","href":"https:\/\/api.w.org\/{rel}","templated":true}]}}