{"id":28769,"date":"2011-02-14T16:41:49","date_gmt":"2011-02-14T15:41:49","guid":{"rendered":"http:\/\/www.hier-luebeck.de\/?p=28769"},"modified":"2011-02-14T16:41:49","modified_gmt":"2011-02-14T15:41:49","slug":"pol-hl-oh-ahrensbok-l-184-unfallzeugen-gesucht","status":"publish","type":"post","link":"https:\/\/hier-luebeck.de\/index.php\/pol-hl-oh-ahrensbok-l-184-unfallzeugen-gesucht\/","title":{"rendered":"POL-HL: OH &#8211; Ahrensb\u00f6k, L 184 \/ Unfallzeugen gesucht"},"content":{"rendered":"<p><a rel=\"attachment wp-att-10985\" href=\"http:\/\/www.hier-luebeck.de\/2010\/02\/pol-hl-hl-st-jurgen-rotloscherstrase-polizei-nimmt-einbrecher-fest\/funkstreifers-13\/\"><img loading=\"lazy\" decoding=\"async\" class=\"alignleft size-full wp-image-10985\" title=\"FunkstreifeRS\" src=\"http:\/\/www.hier-luebeck.de\/wp-content\/uploads\/2010\/02\/FunkstreifeRS6.JPG\" alt=\"\" width=\"220\" height=\"165\" \/><\/a>L\u00fcbeck (ots) &#8211; Nach einer Verkehrsunfallflucht am Samstag, den 12.<br \/>\nFebruar, gegen 09.45 Uhr, auf der Landstra\u00dfe 184, bitten die Ermittler der Polizeistation Ahrensb\u00f6k um Mithilfe.<!--more--><\/p>\n<p>Ein 24-j\u00e4hriger Ahrensb\u00f6ker befuhr diese Stra\u00dfe mit seinem Opel Omega in Fahrtrichtung Eutin. Auf H\u00f6he des Landeplatzes des Rettungshubschraubers &#8222;Christoph 12&#8220; war dann aus der Gegenrichtung ein Opel Astra gekommen.<\/p>\n<p>Da der Fahrer des Opel Astra sein Auto teilweise \u00fcber die Mittellinie der beiden Fahrstreifen lenkte, konnte der Fahrer des Opel Omega einen Frontalzusammensto\u00df nur noch durch ein Ausweichman\u00f6ver verhindern. Hierbei schlugen allerdings die Au\u00dfenspiegel der Fahrerseiten zusammen und wurden zerst\u00f6rt. Der 24-j\u00e4hrige Ostholsteiner informierte umgehend die Polizei, w\u00e4hrend der andere Unfallbeteiligte die Fahrt mit seinem offenbar silberfarbenen Opel Astra unerlaubt fortsetzte.<\/p>\n<p>Zeugenhinweise bitte an die Polizeistation Ahrensb\u00f6k unter 04525-1328.<\/p>\n","protected":false},"excerpt":{"rendered":"<p>L\u00fcbeck (ots) &#8211; Nach einer Verkehrsunfallflucht am Samstag, den 12. Februar, gegen 09.45 Uhr, auf der Landstra\u00dfe 184, bitten die<\/p>\n","protected":false},"author":3,"featured_media":0,"comment_status":"open","ping_status":"open","sticky":false,"template":"","format":"standard","meta":{"colormag_page_container_layout":"default_layout","colormag_page_sidebar_layout":"default_layout","footnotes":""},"categories":[20],"tags":[],"class_list":["post-28769","post","type-post","status-publish","format-standard","hentry","category-besondere-neuigkeiten"],"_links":{"self":[{"href":"https:\/\/hier-luebeck.de\/index.php\/wp-json\/wp\/v2\/posts\/28769","targetHints":{"allow":["GET"]}}],"collection":[{"href":"https:\/\/hier-luebeck.de\/index.php\/wp-json\/wp\/v2\/posts"}],"about":[{"href":"https:\/\/hier-luebeck.de\/index.php\/wp-json\/wp\/v2\/types\/post"}],"author":[{"embeddable":true,"href":"https:\/\/hier-luebeck.de\/index.php\/wp-json\/wp\/v2\/users\/3"}],"replies":[{"embeddable":true,"href":"https:\/\/hier-luebeck.de\/index.php\/wp-json\/wp\/v2\/comments?post=28769"}],"version-history":[{"count":0,"href":"https:\/\/hier-luebeck.de\/index.php\/wp-json\/wp\/v2\/posts\/28769\/revisions"}],"wp:attachment":[{"href":"https:\/\/hier-luebeck.de\/index.php\/wp-json\/wp\/v2\/media?parent=28769"}],"wp:term":[{"taxonomy":"category","embeddable":true,"href":"https:\/\/hier-luebeck.de\/index.php\/wp-json\/wp\/v2\/categories?post=28769"},{"taxonomy":"post_tag","embeddable":true,"href":"https:\/\/hier-luebeck.de\/index.php\/wp-json\/wp\/v2\/tags?post=28769"}],"curies":[{"name":"wp","href":"https:\/\/api.w.org\/{rel}","templated":true}]}}