{"id":28777,"date":"2011-02-14T20:41:59","date_gmt":"2011-02-14T19:41:59","guid":{"rendered":"http:\/\/www.hier-luebeck.de\/?p=28777"},"modified":"2011-02-14T20:41:59","modified_gmt":"2011-02-14T19:41:59","slug":"pol-hl-hl-moisling-andersenring-bmw-stost-frontal-in-linienbus-mindestens-neun-verletzte","status":"publish","type":"post","link":"https:\/\/hier-luebeck.de\/index.php\/pol-hl-hl-moisling-andersenring-bmw-stost-frontal-in-linienbus-mindestens-neun-verletzte\/","title":{"rendered":"POL-HL: HL &#8211; Moisling, Andersenring \/ BMW st\u00f6\u00dft frontal in Linienbus -mindestens neun Verletzte"},"content":{"rendered":"<p><a rel=\"attachment wp-att-10985\" href=\"http:\/\/www.hier-luebeck.de\/2010\/02\/pol-hl-hl-st-jurgen-rotloscherstrase-polizei-nimmt-einbrecher-fest\/funkstreifers-13\/\"><img loading=\"lazy\" decoding=\"async\" class=\"alignleft size-full wp-image-10985\" title=\"FunkstreifeRS\" src=\"http:\/\/www.hier-luebeck.de\/wp-content\/uploads\/2010\/02\/FunkstreifeRS6.JPG\" alt=\"\" width=\"220\" height=\"165\" \/><\/a>L\u00fcbeck (ots) &#8211; Im L\u00fcbecker Stadtteil Moisling kam es um 16.29 Uhr, in der Stra\u00dfe Andersenring, zu einem schweren Verkehrsunfall mit mindestens neun Verletzten.<\/p>\n<p>Aus noch ungekl\u00e4rter Ursache stie\u00dfen hier auf gerader Strecke ein BMW der 3er-Serie und ein Linienbus der L\u00fcbecker Verkehrsbetriebe frontal zusammen.<!--more--> Der BMW wurde von einem 47-j\u00e4hrigen L\u00fcbecker gefahren. Im Wagen befanden sich noch zwei weitere m\u00e4nnliche Personen. Nach bisherigen Erkenntnissen wurde der Fahrer lebensgef\u00e4hrlich, die beiden Mitfahrer schwer verletzt. Die Verletzten mussten mit technischem Ger\u00e4t der Feuerwehr aus dem Auto befreit werden. Da bei dem Fahrer Atemalkohol festgestellt wurde und der Verdacht des Fahrens unter Alkoholeinwirkung besteht, wurde die Entnahme einer Blutprobe angeordnet.<\/p>\n<p>Im Linienbus wurden nach derzeitigen Informationen mindestens sieben Personen verletzt. Der Busfahrer erlitt einen schweren Schock, drei Fahrg\u00e4ste wurden leicht, drei weitere mittelgradig verletzt.<\/p>\n<p>Zur weiteren medizinischen Versorgung wurden alle Verletzten in L\u00fcbecker Krankenh\u00e4user gebracht.<\/p>\n<p>Der Gesamtschaden wird auf rund 20.000 Euro gesch\u00e4tzt.<\/p>\n<p>Am Unfallort waren sieben Funkstreifenwagen der Polizei sowie eine gro\u00dfe Zahl von Einsatzkr\u00e4ften der Feuerwehr mit Rettungsfahrzeugen, Not\u00e4rzten sowie ein Rettungshubschrauber eingesetzt.<\/p>\n<p>Der BMW wurde f\u00fcr weitere Ermittlungen und Untersuchungen sichergestellt. Ein Sachverst\u00e4ndiger der DEKRA wurde angefordert und erschien an der Unfallstelle.<\/p>\n<p>F\u00fcr die Rettungsarbeiten wurde der Andersenring in der Zeit von 16.50 Uhr bis 19.50 Uhr vollst\u00e4ndig gesperrt.<\/p>\n","protected":false},"excerpt":{"rendered":"<p>L\u00fcbeck (ots) &#8211; Im L\u00fcbecker Stadtteil Moisling kam es um 16.29 Uhr, in der Stra\u00dfe Andersenring, zu einem schweren Verkehrsunfall<\/p>\n","protected":false},"author":3,"featured_media":0,"comment_status":"open","ping_status":"open","sticky":false,"template":"","format":"standard","meta":{"colormag_page_container_layout":"default_layout","colormag_page_sidebar_layout":"default_layout","footnotes":""},"categories":[20],"tags":[],"class_list":["post-28777","post","type-post","status-publish","format-standard","hentry","category-besondere-neuigkeiten"],"_links":{"self":[{"href":"https:\/\/hier-luebeck.de\/index.php\/wp-json\/wp\/v2\/posts\/28777","targetHints":{"allow":["GET"]}}],"collection":[{"href":"https:\/\/hier-luebeck.de\/index.php\/wp-json\/wp\/v2\/posts"}],"about":[{"href":"https:\/\/hier-luebeck.de\/index.php\/wp-json\/wp\/v2\/types\/post"}],"author":[{"embeddable":true,"href":"https:\/\/hier-luebeck.de\/index.php\/wp-json\/wp\/v2\/users\/3"}],"replies":[{"embeddable":true,"href":"https:\/\/hier-luebeck.de\/index.php\/wp-json\/wp\/v2\/comments?post=28777"}],"version-history":[{"count":0,"href":"https:\/\/hier-luebeck.de\/index.php\/wp-json\/wp\/v2\/posts\/28777\/revisions"}],"wp:attachment":[{"href":"https:\/\/hier-luebeck.de\/index.php\/wp-json\/wp\/v2\/media?parent=28777"}],"wp:term":[{"taxonomy":"category","embeddable":true,"href":"https:\/\/hier-luebeck.de\/index.php\/wp-json\/wp\/v2\/categories?post=28777"},{"taxonomy":"post_tag","embeddable":true,"href":"https:\/\/hier-luebeck.de\/index.php\/wp-json\/wp\/v2\/tags?post=28777"}],"curies":[{"name":"wp","href":"https:\/\/api.w.org\/{rel}","templated":true}]}}