{"id":290082,"date":"2019-08-15T16:42:41","date_gmt":"2019-08-15T14:42:41","guid":{"rendered":"http:\/\/www.hier-luebeck.de\/?p=290082"},"modified":"2019-08-15T18:34:37","modified_gmt":"2019-08-15T16:34:37","slug":"fruehstueck-beim-bauernladen-doelger-reinfeld","status":"publish","type":"post","link":"https:\/\/hier-luebeck.de\/index.php\/fruehstueck-beim-bauernladen-doelger-reinfeld\/","title":{"rendered":"Fr\u00fchst\u00fcck beim Bauernladen D\u00f6lger, Reinfeld"},"content":{"rendered":"<p style=\"text-align: left;\"><strong><a href=\"http:\/\/www.hier-luebeck.de\/wp-content\/uploads\/2019\/08\/tbf140819_Bauernladen-Doelger_Kasnitz_0034.jpg\"><img loading=\"lazy\" decoding=\"async\" class=\" wp-image-290093 alignleft\" src=\"http:\/\/www.hier-luebeck.de\/wp-content\/uploads\/2019\/08\/tbf140819_Bauernladen-Doelger_Kasnitz_0034-550x309.jpg\" alt=\"\" width=\"502\" height=\"282\" srcset=\"https:\/\/hier-luebeck.de\/wp-content\/uploads\/2019\/08\/tbf140819_Bauernladen-Doelger_Kasnitz_0034.jpg 550w, https:\/\/hier-luebeck.de\/wp-content\/uploads\/2019\/08\/tbf140819_Bauernladen-Doelger_Kasnitz_0034-320x180.jpg 320w\" sizes=\"auto, (max-width: 502px) 100vw, 502px\" \/><\/a>Text: TBF\/Wolfgang Freywald \u00b7 Fotos: TBF\/Holger Kasnitz<\/strong> \u00b7 Gestern Morgen fr\u00fchst\u00fcckten Holger und ich im Bauernladen D\u00f6lger, Binnenkamp 28, 23858 Reinfeld (Holstein), Tel: 04533 \u2013 79 12 44, und liessen es uns gut schmecken.<br \/>\nIch rief vorher an und fragte, ob man auf der Terrasse sein Fr\u00fchst\u00fcck geniessen k\u00f6nne und bekam eine positive Antwort. Wer von Reinfeld aus in Richtung Zarpen f\u00e4hrt, kommt an den gro\u00dfen Hinweisschildern vorbei, die auf den Bauernladen und den gegen\u00fcberliegenden Golfplatz aufmerksam machen. <!--more--><a href=\"http:\/\/www.hier-luebeck.de\/wp-content\/uploads\/2019\/08\/tbf140819_Bauernladen-Doelger_Freywald_0024.jpg\"><img loading=\"lazy\" decoding=\"async\" class=\"size-large wp-image-290085 alignright\" src=\"http:\/\/www.hier-luebeck.de\/wp-content\/uploads\/2019\/08\/tbf140819_Bauernladen-Doelger_Freywald_0024-550x413.jpg\" alt=\"\" width=\"550\" height=\"413\" srcset=\"https:\/\/hier-luebeck.de\/wp-content\/uploads\/2019\/08\/tbf140819_Bauernladen-Doelger_Freywald_0024.jpg 550w, https:\/\/hier-luebeck.de\/wp-content\/uploads\/2019\/08\/tbf140819_Bauernladen-Doelger_Freywald_0024-320x240.jpg 320w\" sizes=\"auto, (max-width: 550px) 100vw, 550px\" \/><\/a>Holger und ich trafen uns um 10 Uhr vor dem Bauerladen und marschierten gemeinsam in den nicht gleich sichtbaren Laden, in einem sehr grossen Haus, gebaut 1914, das neben dem Laden ein angrenzenden Restaurant hat, das von einem Betreiber gepachtet ist, der seinen Kuchen und Torten von D\u00f6lger bezieht.<\/p>\n<p><a href=\"http:\/\/www.hier-luebeck.de\/wp-content\/uploads\/2019\/08\/tbf140819_Bauernladen-Doelger_Freywald_0019.jpg\"><img loading=\"lazy\" decoding=\"async\" class=\"size-large wp-image-290084 alignleft\" src=\"http:\/\/www.hier-luebeck.de\/wp-content\/uploads\/2019\/08\/tbf140819_Bauernladen-Doelger_Freywald_0019-550x413.jpg\" alt=\"\" width=\"550\" height=\"413\" srcset=\"https:\/\/hier-luebeck.de\/wp-content\/uploads\/2019\/08\/tbf140819_Bauernladen-Doelger_Freywald_0019.jpg 550w, https:\/\/hier-luebeck.de\/wp-content\/uploads\/2019\/08\/tbf140819_Bauernladen-Doelger_Freywald_0019-320x240.jpg 320w\" sizes=\"auto, (max-width: 550px) 100vw, 550px\" \/><\/a>Vor der T\u00fcr nur ein Schild \u201eKaffee und mehr\u2026!\u201c und ein weiteres mit \u201eBratwurst mit Br\u00f6tchen\u201c 2,50 Euro, doch daf\u00fcr war es uns noch zu fr\u00fch. Eine kleine T\u00fcr wies uns den Weg in die B\u00e4ckerei. Dort wurden wir freundlich von zwei Verk\u00e4uferinnen begr\u00fcsst, eine \u00e4ltere Verk\u00e4uferin beriet uns Neuank\u00f6mmling in Sachen Brot, Kuchen und Fr\u00fchst\u00fcck.<\/p>\n<p><a href=\"http:\/\/www.hier-luebeck.de\/wp-content\/uploads\/2019\/08\/tbf140819_Bauernladen-Doelger_Kasnitz_0037.jpg\"><img loading=\"lazy\" decoding=\"async\" class=\"size-large wp-image-290094 alignright\" src=\"http:\/\/www.hier-luebeck.de\/wp-content\/uploads\/2019\/08\/tbf140819_Bauernladen-Doelger_Kasnitz_0037-550x309.jpg\" alt=\"\" width=\"550\" height=\"309\" srcset=\"https:\/\/hier-luebeck.de\/wp-content\/uploads\/2019\/08\/tbf140819_Bauernladen-Doelger_Kasnitz_0037.jpg 550w, https:\/\/hier-luebeck.de\/wp-content\/uploads\/2019\/08\/tbf140819_Bauernladen-Doelger_Kasnitz_0037-320x180.jpg 320w\" sizes=\"auto, (max-width: 550px) 100vw, 550px\" \/><\/a>\u201eBitte 2 mal Fr\u00fchst\u00fcck,\u201c sagten wir wie aus einem Mund. \u201eSuchen Sie sich Br\u00f6tchen nach Wahl, Wurst, K\u00e4se, oder etliches Anderes aus, wir berechnen nach Artikeln,&#8220; war die Antwort der Verk\u00e4uferin. Dann gab sie uns jeweils einen Zettel, auf dem viele Bel\u00e4ge draufstanden und man nur dazu schreiben brauchte, wieviel man jeweils davon haben wollte.<\/p>\n<p><a href=\"http:\/\/www.hier-luebeck.de\/wp-content\/uploads\/2019\/08\/tbf140819_Bauernladen-Doelger_Kasnitz_0040.jpg\"><img loading=\"lazy\" decoding=\"async\" class=\"size-large wp-image-290090 alignleft\" src=\"http:\/\/www.hier-luebeck.de\/wp-content\/uploads\/2019\/08\/tbf140819_Bauernladen-Doelger_Kasnitz_0040-550x367.jpg\" alt=\"\" width=\"550\" height=\"367\" srcset=\"https:\/\/hier-luebeck.de\/wp-content\/uploads\/2019\/08\/tbf140819_Bauernladen-Doelger_Kasnitz_0040.jpg 550w, https:\/\/hier-luebeck.de\/wp-content\/uploads\/2019\/08\/tbf140819_Bauernladen-Doelger_Kasnitz_0040-320x214.jpg 320w\" sizes=\"auto, (max-width: 550px) 100vw, 550px\" \/><\/a>Wir schrieben unsere W\u00fcnsche auf die Zettel und wollten jeder noch einen Becher Kaffee dazu. Zus\u00e4tzlich war auch noch ein K\u00e4nnchen im Angebot. Wir nahmen das K\u00e4nnchen, weil wir dachten, da w\u00e4re sicherlich f\u00fcr zwei Becher was drin, da wurde wir allerdings entt\u00e4uscht, denn w\u00e4hrend des Fr\u00fchst\u00fccks reichte es dann jeweils nur f\u00fcr einen weiteren viertel Becher aus, das war`s.<\/p>\n<p><a href=\"http:\/\/www.hier-luebeck.de\/wp-content\/uploads\/2019\/08\/tbf140819_Bauernladen-Doelger_Freywald_0028.jpg\"><img loading=\"lazy\" decoding=\"async\" class=\"size-large wp-image-290087 alignleft\" src=\"http:\/\/www.hier-luebeck.de\/wp-content\/uploads\/2019\/08\/tbf140819_Bauernladen-Doelger_Freywald_0028-550x400.jpg\" alt=\"\" width=\"550\" height=\"400\" srcset=\"https:\/\/hier-luebeck.de\/wp-content\/uploads\/2019\/08\/tbf140819_Bauernladen-Doelger_Freywald_0028.jpg 550w, https:\/\/hier-luebeck.de\/wp-content\/uploads\/2019\/08\/tbf140819_Bauernladen-Doelger_Freywald_0028-320x233.jpg 320w\" sizes=\"auto, (max-width: 550px) 100vw, 550px\" \/><\/a>Holger nahm 4 Scheiben Opas Liebste (feine Mettwurst), 1 Scheibe ger\u00e4ucherte Pute, 1 Glassch\u00e4lchen Waldorfsalat. Ich nahm zweimal Butter, 2 Scheiben Schinken (Serrano), 4 Scheiben Opas Liebste (feine Mettwurst), 1 Scheibe ger\u00e4ucherte Pute und 1 Glassch\u00e4lchen Fleischsalat. Dann lie\u00dfen wir es uns schmecken. Ja, so kann man es sagen, denn die Qualit\u00e4t der Ware war hervorragend und wirklich lecker, die Br\u00f6tchen knackig und frisch.<\/p>\n<p>Nach dem essen kamen wir mit 2 Damen ins Gespr\u00e4ch, die uns noch einige Tipps gaben, wo es auch leckere Fr\u00fchst\u00fccke in der Umgebung gibt.<\/p>\n<p><a href=\"http:\/\/www.hier-luebeck.de\/wp-content\/uploads\/2019\/08\/tbf140819_Bauernladen-Doelger_Freywald_0026.jpg\"><img loading=\"lazy\" decoding=\"async\" class=\"size-large wp-image-290086 alignright\" src=\"http:\/\/www.hier-luebeck.de\/wp-content\/uploads\/2019\/08\/tbf140819_Bauernladen-Doelger_Freywald_0026-550x428.jpg\" alt=\"\" width=\"550\" height=\"428\" srcset=\"https:\/\/hier-luebeck.de\/wp-content\/uploads\/2019\/08\/tbf140819_Bauernladen-Doelger_Freywald_0026.jpg 550w, https:\/\/hier-luebeck.de\/wp-content\/uploads\/2019\/08\/tbf140819_Bauernladen-Doelger_Freywald_0026-320x249.jpg 320w\" sizes=\"auto, (max-width: 550px) 100vw, 550px\" \/><\/a><\/p>\n<p><strong>Fazit:<br \/>\nNette freundliche Bedienung, leckere und vor allem frische Ware, nettes Ambiente in herrlicher Umgebung. Von der Terrasse hatten wir bei herrlichem Sonnenschein direkten Ausblick auf den gegen\u00fcber liegenden frisch gem\u00e4hten Golfplatz, mehr brauchten wir gar nicht, um sich rundherum wohlzuf\u00fchlen.<\/strong><\/p>\n<p><strong><a href=\"http:\/\/www.hier-luebeck.de\/wp-content\/uploads\/2019\/08\/tbf140819_Bauernladen-Doelger_Freywald_0014.jpg\"><img loading=\"lazy\" decoding=\"async\" class=\"aligncenter size-large wp-image-290133\" src=\"http:\/\/www.hier-luebeck.de\/wp-content\/uploads\/2019\/08\/tbf140819_Bauernladen-Doelger_Freywald_0014-550x413.jpg\" alt=\"\" width=\"550\" height=\"413\" srcset=\"https:\/\/hier-luebeck.de\/wp-content\/uploads\/2019\/08\/tbf140819_Bauernladen-Doelger_Freywald_0014.jpg 550w, https:\/\/hier-luebeck.de\/wp-content\/uploads\/2019\/08\/tbf140819_Bauernladen-Doelger_Freywald_0014-320x240.jpg 320w\" sizes=\"auto, (max-width: 550px) 100vw, 550px\" \/><\/a>Und der Preis? Ich zahlte f\u00fcr mein Fr\u00fchst\u00fcck 6,44 Euro, Holger 5,44 Euro. Das war ein angemessener Preis f\u00fcr einen leckeren Fr\u00fcst\u00fccksschmaus. \u00dcber die dekorative Beilage (Gurken, Tomaten etc.) l\u00e4sst sich streiten, es war n\u00e4mlich nichts davon auf den Tellern, Servietten fehlten zuerst, aber auf Nachfrage wurde das schnellstens korrigiert.<\/strong><\/p>\n<p><strong><span style=\"color: #000080;\">Der Bauernladen D\u00f6lger ist trotz der kleinen Ausrutscher sehr empfehlenswert, da verschl\u00e4gt es uns sicherlich mal wieder hin<\/span>.<\/strong><\/p>\n","protected":false},"excerpt":{"rendered":"<p>Text: TBF\/Wolfgang Freywald \u00b7 Fotos: TBF\/Holger Kasnitz \u00b7 Gestern Morgen fr\u00fchst\u00fcckten Holger und ich im Bauernladen D\u00f6lger, Binnenkamp 28, 23858<\/p>\n","protected":false},"author":3,"featured_media":290093,"comment_status":"open","ping_status":"open","sticky":false,"template":"","format":"standard","meta":{"colormag_page_container_layout":"default_layout","colormag_page_sidebar_layout":"default_layout","footnotes":""},"categories":[5],"tags":[20794,10791],"class_list":["post-290082","post","type-post","status-publish","format-standard","has-post-thumbnail","hentry","category-politik-wirtschaft","tag-fruehstueck-beim-bauernladen-doelger","tag-reinfeld"],"_links":{"self":[{"href":"https:\/\/hier-luebeck.de\/index.php\/wp-json\/wp\/v2\/posts\/290082","targetHints":{"allow":["GET"]}}],"collection":[{"href":"https:\/\/hier-luebeck.de\/index.php\/wp-json\/wp\/v2\/posts"}],"about":[{"href":"https:\/\/hier-luebeck.de\/index.php\/wp-json\/wp\/v2\/types\/post"}],"author":[{"embeddable":true,"href":"https:\/\/hier-luebeck.de\/index.php\/wp-json\/wp\/v2\/users\/3"}],"replies":[{"embeddable":true,"href":"https:\/\/hier-luebeck.de\/index.php\/wp-json\/wp\/v2\/comments?post=290082"}],"version-history":[{"count":3,"href":"https:\/\/hier-luebeck.de\/index.php\/wp-json\/wp\/v2\/posts\/290082\/revisions"}],"predecessor-version":[{"id":290139,"href":"https:\/\/hier-luebeck.de\/index.php\/wp-json\/wp\/v2\/posts\/290082\/revisions\/290139"}],"wp:featuredmedia":[{"embeddable":true,"href":"https:\/\/hier-luebeck.de\/index.php\/wp-json\/wp\/v2\/media\/290093"}],"wp:attachment":[{"href":"https:\/\/hier-luebeck.de\/index.php\/wp-json\/wp\/v2\/media?parent=290082"}],"wp:term":[{"taxonomy":"category","embeddable":true,"href":"https:\/\/hier-luebeck.de\/index.php\/wp-json\/wp\/v2\/categories?post=290082"},{"taxonomy":"post_tag","embeddable":true,"href":"https:\/\/hier-luebeck.de\/index.php\/wp-json\/wp\/v2\/tags?post=290082"}],"curies":[{"name":"wp","href":"https:\/\/api.w.org\/{rel}","templated":true}]}}