{"id":290172,"date":"2019-08-15T16:56:20","date_gmt":"2019-08-15T16:56:20","guid":{"rendered":"http:\/\/www.hier-luebeck.de\/politik-wirtschaft\/chemnitz-ein-jahr-danach-mdr-stellt-publikumsdialog-zur-doku-preview-nach-absagen-neu-auf\/"},"modified":"2019-08-15T16:56:20","modified_gmt":"2019-08-15T16:56:20","slug":"chemnitz-ein-jahr-danach-mdr-stellt-publikumsdialog-zur-doku-preview-nach-absagen-neu-auf","status":"publish","type":"post","link":"https:\/\/hier-luebeck.de\/index.php\/chemnitz-ein-jahr-danach-mdr-stellt-publikumsdialog-zur-doku-preview-nach-absagen-neu-auf\/","title":{"rendered":"&#8222;Chemnitz &#8211; Ein Jahr danach&#8220;: MDR stellt Publikumsdialog zur Doku-Preview nach Absagen neu auf"},"content":{"rendered":"<p>Leipzig (ots) &#8211; Der MDR stellt seinen Publikumsdialog zur Preview  der Doku &#8222;Chemnitz &#8211; Ein Jahr danach&#8220; neu auf und bietet eine  Gespr\u00e4chsrunde mit Machern des Films sowie Programmverantwortlichen  an. Nach verschiedenen Absagen, u. a. der Chemnitzer  Oberb\u00fcrgermeisterin Barbara Ludwig, war die vom MDR gewollte  Konstellation aus Sicht des Senders nicht mehr sinnvoll umzusetzen.<!--more-->     Urspr\u00fcnglich hatte der MDR auf ein Podium mit verschiedenen  Protagonisten und Gespr\u00e4chspartnern gesetzt, um die gesamte  Bandbreite des Films aus verschiedenen Perspektiven zu spiegeln.  Zugesagt f\u00fcr die Diskussionsrunde hatten neben Oberb\u00fcrgermeisterin  Barbara Ludwig (SPD) Professorin Olfa Kanoun (TU Chemnitz),  MDR-Programmdirektor Wolf-Dieter Jacobi, Margarete R\u00f6del (Gr\u00fcne  Jugend) sowie Arthur \u00d6sterle (AfD).     &#8222;Wir haben nat\u00fcrlich die kontroverse Debatte um die Besetzung des  Podiums verfolgt und auch als wichtige Diskussion wahrgenommen&#8220;, so  Wolf-Dieter Jacobi. &#8222;Wir bedauern die Absagen sehr, da wir gern den  breiten Dialog gef\u00fchrt h\u00e4tten&#8220;. Der MDR wird aber an dem Austausch  mit dem Publikum festhalten: Die Preview des Films findet wie  vorgesehen am 22. August in Chemnitz statt. Im Anschluss kann das  Publikum mit Machern und Verantwortlichen des MDR \u00fcber den Film  diskutieren.     Die Doku &#8222;Chemnitz &#8211; Ein Jahr danach&#8220; geht der Frage nach, wie  sich das Leben f\u00fcr die Menschen in der Stadt nach den umstrittenen  Vorf\u00e4llen und der Medienberichterstattung Ende August 2018 ver\u00e4ndert  hat. Der Film l\u00e4sst Menschen aus verschiedensten Lebenswelten zu Wort kommen und zeigt ihren Alltag. Ausgestrahlt wird die Doku im Ersten  am 26. August um 22.45 Uhr.    Pressekontakt: Susanne Odenthal, Abteilungsleiterin Presse und Information,  Tel. (0341) 300 6455 bzw. presse@mdr.de.  Original-Content von: MDR Mitteldeutscher Rundfunk, \u00fcbermittelt durch news aktuell<\/p>\n<p>Quelle: <a href=\"https:\/\/www.presseportal.de\/pm\/7880\/4349942\" target=\"_blank\" rel=\"noopener noreferrer\">presseportal.de<\/a><\/p>\n","protected":false},"excerpt":{"rendered":"<p>Leipzig (ots) &#8211; Der MDR stellt seinen Publikumsdialog zur Preview der Doku &#8222;Chemnitz &#8211; Ein Jahr danach&#8220; neu auf und<\/p>\n","protected":false},"author":3,"featured_media":0,"comment_status":"open","ping_status":"open","sticky":false,"template":"","format":"standard","meta":{"colormag_page_container_layout":"default_layout","colormag_page_sidebar_layout":"default_layout","footnotes":""},"categories":[5],"tags":[],"class_list":["post-290172","post","type-post","status-publish","format-standard","hentry","category-politik-wirtschaft"],"_links":{"self":[{"href":"https:\/\/hier-luebeck.de\/index.php\/wp-json\/wp\/v2\/posts\/290172","targetHints":{"allow":["GET"]}}],"collection":[{"href":"https:\/\/hier-luebeck.de\/index.php\/wp-json\/wp\/v2\/posts"}],"about":[{"href":"https:\/\/hier-luebeck.de\/index.php\/wp-json\/wp\/v2\/types\/post"}],"author":[{"embeddable":true,"href":"https:\/\/hier-luebeck.de\/index.php\/wp-json\/wp\/v2\/users\/3"}],"replies":[{"embeddable":true,"href":"https:\/\/hier-luebeck.de\/index.php\/wp-json\/wp\/v2\/comments?post=290172"}],"version-history":[{"count":0,"href":"https:\/\/hier-luebeck.de\/index.php\/wp-json\/wp\/v2\/posts\/290172\/revisions"}],"wp:attachment":[{"href":"https:\/\/hier-luebeck.de\/index.php\/wp-json\/wp\/v2\/media?parent=290172"}],"wp:term":[{"taxonomy":"category","embeddable":true,"href":"https:\/\/hier-luebeck.de\/index.php\/wp-json\/wp\/v2\/categories?post=290172"},{"taxonomy":"post_tag","embeddable":true,"href":"https:\/\/hier-luebeck.de\/index.php\/wp-json\/wp\/v2\/tags?post=290172"}],"curies":[{"name":"wp","href":"https:\/\/api.w.org\/{rel}","templated":true}]}}