{"id":290232,"date":"2019-08-16T11:11:53","date_gmt":"2019-08-16T09:11:53","guid":{"rendered":"http:\/\/www.hier-luebeck.de\/?p=290232"},"modified":"2019-08-23T18:34:19","modified_gmt":"2019-08-23T16:34:19","slug":"pol-hl-hl-wesloe-raub-mit-schusswaffe-auf-supermarkt-folgemeldung-tatverdaechtiger-in-haft","status":"publish","type":"post","link":"https:\/\/hier-luebeck.de\/index.php\/pol-hl-hl-wesloe-raub-mit-schusswaffe-auf-supermarkt-folgemeldung-tatverdaechtiger-in-haft\/","title":{"rendered":"POL-HL: HL-Wesloe \/Raub mit Schusswaffe auf Supermarkt &#8211; Folgemeldung &#8211; Tatverd\u00e4chtiger in Haft"},"content":{"rendered":"<p>L\u00fcbeck (ots) &#8211; Gemeinsame Medien-Information der L\u00fcbecker  Staatsanwaltschaft und der Polizeidirektion L\u00fcbeck     Am 11.07.2019 kam es in der Wesloer Landstra\u00dfe zu einem schweren  Raub auf einen Supermarkt, bei dem eine Angestellte unter Vorhalt  einer Schusswaffe bedroht wurde. Der T\u00e4ter konnte mit einem niedrigen vierstelligen Bargeldbetrag fliehen.<!--more-->     In Tatortn\u00e4he wurde ein Rucksack aufgefunden, der mit hoher  Wahrscheinlichkeit dem T\u00e4ter zuzuordnen war. Umfangreiche  Ermittlungen des sachbearbeitenden Kommissariats 13 der L\u00fcbecker  Bezirkskriminalinspektion ergaben Hinweise auf einen tatverd\u00e4chtigen  L\u00fcbecker. In der Wohnung des bereits polizeibekannten, 22-j\u00e4hrigen  Mannes konnte mutma\u00dfliche Tatbekleidung gefunden werden.     Am 09.08.2019 wurde auf Antrag der Staatsanwaltschaft ein  Untersuchungshaftbefehl wegen Verdachts des schweren Raubes und des  Haftgrundes der Fluchtgefahr erwirkt. Der Tatverd\u00e4chtige konnte am  vergangenen Mittwoch (14.08.2019) festgenommen werden. Am Folgetag  wurde er einem Haftrichter vorgef\u00fchrt, der die Vollstreckung des  Haftbefehles anordnete. Der mutma\u00dfliche R\u00e4uber wurde der  Justizvollzugsanstalt L\u00fcbeck zugef\u00fchrt.     Nachfragen zu diesem Sachverhalt sind zu richten an die  Pressestelle der Polizeidirektion L\u00fcbeck.     <\/p>\n<p>Quelle: <a href=\"https:\/\/www.presseportal.de\/blaulicht\/pm\/43738\/4350362\" target=\"_blank\" rel=\"noopener noreferrer\">presseportal.de<\/a><\/p>\n","protected":false},"excerpt":{"rendered":"<p>L\u00fcbeck (ots) &#8211; Gemeinsame Medien-Information der L\u00fcbecker Staatsanwaltschaft und der Polizeidirektion L\u00fcbeck Am 11.07.2019 kam es in der Wesloer Landstra\u00dfe<\/p>\n","protected":false},"author":3,"featured_media":0,"comment_status":"open","ping_status":"open","sticky":false,"template":"","format":"standard","meta":{"colormag_page_container_layout":"default_layout","colormag_page_sidebar_layout":"default_layout","footnotes":""},"categories":[1527],"tags":[],"class_list":["post-290232","post","type-post","status-publish","format-standard","hentry","category-blaulicht"],"_links":{"self":[{"href":"https:\/\/hier-luebeck.de\/index.php\/wp-json\/wp\/v2\/posts\/290232","targetHints":{"allow":["GET"]}}],"collection":[{"href":"https:\/\/hier-luebeck.de\/index.php\/wp-json\/wp\/v2\/posts"}],"about":[{"href":"https:\/\/hier-luebeck.de\/index.php\/wp-json\/wp\/v2\/types\/post"}],"author":[{"embeddable":true,"href":"https:\/\/hier-luebeck.de\/index.php\/wp-json\/wp\/v2\/users\/3"}],"replies":[{"embeddable":true,"href":"https:\/\/hier-luebeck.de\/index.php\/wp-json\/wp\/v2\/comments?post=290232"}],"version-history":[{"count":1,"href":"https:\/\/hier-luebeck.de\/index.php\/wp-json\/wp\/v2\/posts\/290232\/revisions"}],"predecessor-version":[{"id":290923,"href":"https:\/\/hier-luebeck.de\/index.php\/wp-json\/wp\/v2\/posts\/290232\/revisions\/290923"}],"wp:attachment":[{"href":"https:\/\/hier-luebeck.de\/index.php\/wp-json\/wp\/v2\/media?parent=290232"}],"wp:term":[{"taxonomy":"category","embeddable":true,"href":"https:\/\/hier-luebeck.de\/index.php\/wp-json\/wp\/v2\/categories?post=290232"},{"taxonomy":"post_tag","embeddable":true,"href":"https:\/\/hier-luebeck.de\/index.php\/wp-json\/wp\/v2\/tags?post=290232"}],"curies":[{"name":"wp","href":"https:\/\/api.w.org\/{rel}","templated":true}]}}