{"id":290306,"date":"2019-08-16T13:41:39","date_gmt":"2019-08-16T13:41:39","guid":{"rendered":"http:\/\/www.hier-luebeck.de\/besondere-neuigkeiten\/pol-hl-hl-st-juergen-ueberschlagener-pkw-mit-zwei-leichtverletzten-insassen\/"},"modified":"2019-08-16T13:41:39","modified_gmt":"2019-08-16T13:41:39","slug":"pol-hl-hl-st-juergen-ueberschlagener-pkw-mit-zwei-leichtverletzten-insassen","status":"publish","type":"post","link":"https:\/\/hier-luebeck.de\/index.php\/pol-hl-hl-st-juergen-ueberschlagener-pkw-mit-zwei-leichtverletzten-insassen\/","title":{"rendered":"POL-HL: HL-St. J\u00fcrgen\/\n\u00dcberschlagener PKW mit zwei leichtverletzten Insassen"},"content":{"rendered":"<p>L\u00fcbeck (ots) &#8211; In der gestrigen Nacht (15.08.2019) kam es auf der  Vorrader Stra\u00dfe zu einem Verkehrsunfall, bei dem der alleinbeteiligte PKW von der Fahrbahn abkam, sich \u00fcberschlug und auf der Seite  liegenblieb.     Nach bisherigen Erkenntnissen befuhr ein 21-j\u00e4hriger Mann aus  L\u00fcbeck gegen 23:55 Uhr mit seinem PKW VW die Vorrader Stra\u00dfe  stadteinw\u00e4rts. Ca.<!--more--> 300 Meter vor dem Ortseingangsschild wollte der  Fahrzeugf\u00fchrer einem querenden Tier ausweichen. Dabei lenkte er so  stark nach links, dass sein Fahrzeug von der Fahrbahn abkam und sich  auf der angrenzenden Wiese \u00fcberschlug. Das Tier wurde nicht  getroffen.     Der Fahrzeugf\u00fchrer sowie sein gleichaltriger Mitfahrer wurden bei  dem Unfall leicht verletzt und konnten sich selbst\u00e4ndig aus dem  verunfallten Wagen befreien. Beide wurden vorsorglich mit einem  Rettungswagen in ein Krankenhaus gefahren. Der PKW musste  abgeschleppt werden.     Die Verkehrsunfallermittlungen werden auf der Polizeistation St.  J\u00fcrgen gef\u00fchrt.     <\/p>\n<p>Quelle: <a href=\"https:\/\/www.presseportal.de\/blaulicht\/pm\/43738\/4350707\" target=\"_blank\" rel=\"noopener noreferrer\">presseportal.de<\/a><\/p>\n","protected":false},"excerpt":{"rendered":"<p>L\u00fcbeck (ots) &#8211; In der gestrigen Nacht (15.08.2019) kam es auf der Vorrader Stra\u00dfe zu einem Verkehrsunfall, bei dem der<\/p>\n","protected":false},"author":3,"featured_media":0,"comment_status":"open","ping_status":"open","sticky":false,"template":"","format":"standard","meta":{"colormag_page_container_layout":"default_layout","colormag_page_sidebar_layout":"default_layout","footnotes":""},"categories":[20],"tags":[],"class_list":["post-290306","post","type-post","status-publish","format-standard","hentry","category-besondere-neuigkeiten"],"_links":{"self":[{"href":"https:\/\/hier-luebeck.de\/index.php\/wp-json\/wp\/v2\/posts\/290306","targetHints":{"allow":["GET"]}}],"collection":[{"href":"https:\/\/hier-luebeck.de\/index.php\/wp-json\/wp\/v2\/posts"}],"about":[{"href":"https:\/\/hier-luebeck.de\/index.php\/wp-json\/wp\/v2\/types\/post"}],"author":[{"embeddable":true,"href":"https:\/\/hier-luebeck.de\/index.php\/wp-json\/wp\/v2\/users\/3"}],"replies":[{"embeddable":true,"href":"https:\/\/hier-luebeck.de\/index.php\/wp-json\/wp\/v2\/comments?post=290306"}],"version-history":[{"count":0,"href":"https:\/\/hier-luebeck.de\/index.php\/wp-json\/wp\/v2\/posts\/290306\/revisions"}],"wp:attachment":[{"href":"https:\/\/hier-luebeck.de\/index.php\/wp-json\/wp\/v2\/media?parent=290306"}],"wp:term":[{"taxonomy":"category","embeddable":true,"href":"https:\/\/hier-luebeck.de\/index.php\/wp-json\/wp\/v2\/categories?post=290306"},{"taxonomy":"post_tag","embeddable":true,"href":"https:\/\/hier-luebeck.de\/index.php\/wp-json\/wp\/v2\/tags?post=290306"}],"curies":[{"name":"wp","href":"https:\/\/api.w.org\/{rel}","templated":true}]}}