{"id":290307,"date":"2019-08-16T13:31:24","date_gmt":"2019-08-16T13:31:24","guid":{"rendered":"http:\/\/www.hier-luebeck.de\/besondere-neuigkeiten\/pol-hl-hl-autobahn-1-autopanne-sorgt-fuer-einsetzende-wehen\/"},"modified":"2019-08-16T13:31:24","modified_gmt":"2019-08-16T13:31:24","slug":"pol-hl-hl-autobahn-1-autopanne-sorgt-fuer-einsetzende-wehen","status":"publish","type":"post","link":"https:\/\/hier-luebeck.de\/index.php\/pol-hl-hl-autobahn-1-autopanne-sorgt-fuer-einsetzende-wehen\/","title":{"rendered":"POL-HL: HL-Autobahn 1    \/\nAutopanne sorgt f\u00fcr einsetzende Wehen"},"content":{"rendered":"<p>L\u00fcbeck (ots) &#8211; Als kurze Geschichte am Rande. Am gestrigen  Donnerstagnachmittag (15.08.) blieb auf der Autobahn 1 kurz vor der  Abfahrt Bad Schwartau ein Opel Corsa auf dem rechten Fahrstreifen  liegen. Offenbar war ein K\u00fchlschlauch geplatzt und man ben\u00f6tigte  einen Abschlepper.     F\u00fcr die junge werdende Mutter im 6. Monat zu viel Aufregung.<!--more--> Die  Wehen kamen und die eingesetzten Polizisten alarmierten die  Feuerwehr. Ein Rettungswagen brachte die junge Frau ins Krankenhaus.  Dort sorgte man f\u00fcr sie und nach einem kurzen Aufenthalt konnte die  Schwangere wieder nach Hause.     Wir w\u00fcnschen f\u00fcr die restliche Zeit der Schwangerschaft keine  Aufregung und einen guten Verlauf.     <\/p>\n<p>Quelle: <a href=\"https:\/\/www.presseportal.de\/blaulicht\/pm\/43738\/4350684\" target=\"_blank\" rel=\"noopener noreferrer\">presseportal.de<\/a><\/p>\n","protected":false},"excerpt":{"rendered":"<p>L\u00fcbeck (ots) &#8211; Als kurze Geschichte am Rande. Am gestrigen Donnerstagnachmittag (15.08.) blieb auf der Autobahn 1 kurz vor der<\/p>\n","protected":false},"author":3,"featured_media":0,"comment_status":"open","ping_status":"open","sticky":false,"template":"","format":"standard","meta":{"colormag_page_container_layout":"default_layout","colormag_page_sidebar_layout":"default_layout","footnotes":""},"categories":[20],"tags":[],"class_list":["post-290307","post","type-post","status-publish","format-standard","hentry","category-besondere-neuigkeiten"],"_links":{"self":[{"href":"https:\/\/hier-luebeck.de\/index.php\/wp-json\/wp\/v2\/posts\/290307","targetHints":{"allow":["GET"]}}],"collection":[{"href":"https:\/\/hier-luebeck.de\/index.php\/wp-json\/wp\/v2\/posts"}],"about":[{"href":"https:\/\/hier-luebeck.de\/index.php\/wp-json\/wp\/v2\/types\/post"}],"author":[{"embeddable":true,"href":"https:\/\/hier-luebeck.de\/index.php\/wp-json\/wp\/v2\/users\/3"}],"replies":[{"embeddable":true,"href":"https:\/\/hier-luebeck.de\/index.php\/wp-json\/wp\/v2\/comments?post=290307"}],"version-history":[{"count":0,"href":"https:\/\/hier-luebeck.de\/index.php\/wp-json\/wp\/v2\/posts\/290307\/revisions"}],"wp:attachment":[{"href":"https:\/\/hier-luebeck.de\/index.php\/wp-json\/wp\/v2\/media?parent=290307"}],"wp:term":[{"taxonomy":"category","embeddable":true,"href":"https:\/\/hier-luebeck.de\/index.php\/wp-json\/wp\/v2\/categories?post=290307"},{"taxonomy":"post_tag","embeddable":true,"href":"https:\/\/hier-luebeck.de\/index.php\/wp-json\/wp\/v2\/tags?post=290307"}],"curies":[{"name":"wp","href":"https:\/\/api.w.org\/{rel}","templated":true}]}}