{"id":290313,"date":"2019-08-16T14:19:36","date_gmt":"2019-08-16T14:19:36","guid":{"rendered":"http:\/\/www.hier-luebeck.de\/politik-wirtschaft\/fuehrungskraefte-solidaritaetszuschlag-vollstaendig-abschaffen\/"},"modified":"2019-08-16T14:19:36","modified_gmt":"2019-08-16T14:19:36","slug":"fuehrungskraefte-solidaritaetszuschlag-vollstaendig-abschaffen","status":"publish","type":"post","link":"https:\/\/hier-luebeck.de\/index.php\/fuehrungskraefte-solidaritaetszuschlag-vollstaendig-abschaffen\/","title":{"rendered":"F\u00fchrungskr\u00e4fte: Solidarit\u00e4tszuschlag vollst\u00e4ndig abschaffen"},"content":{"rendered":"<p>Berlin (ots) &#8211; Der Dachverband der deutschen  F\u00fchrungskr\u00e4fteverb\u00e4nde ULA unterst\u00fctzt den Vorschlag von  Bundeswirtschaftsminister Peter Altmaier f\u00fcr eine Entlastung aller  Steuerzahler und einen Komplettabbau des Solidarit\u00e4tszuschlages bis  sp\u00e4testens 2026. &#8222;Die Politik steht im Wort, die Leistungstr\u00e4ger fast 29 Jahre nach der Deutschen Einheit angesichts enormer  Steuereinnahmen zu <!--more-->entlasten und den Soli vollst\u00e4ndig abzuschaffen&#8220;,  fordert ULA-Pr\u00e4sident Dr. Roland Leroux.     Die von der SPD geplante Beibehaltung des Solis f\u00fcr erfolgreiche  Leistungstr\u00e4ger \u00fcber das Auslaufen des Solidarpakts II f\u00fcr den Aufbau Ost im Jahr 2020 hinaus w\u00e4re ein Fehler und erscheint  verfassungsrechtlich anfechtbar. Auch die von Bundesfinanzminister  Olaf Scholz vorgelegten Nachbesserungen zum Soli-Abbau-Gesetz  enthalten kein Enddatum und verz\u00f6gern diesen \u00fcberf\u00e4lligen Schritt  unn\u00f6tigerweise weiter. Deutschlands F\u00fchrungskr\u00e4fte haben sich bereits mehrfach gegen die bisherigen Pl\u00e4ne der Gro\u00dfen Koalition gewandt,  Leistungstr\u00e4ger von einem Abschmelzen des Solidarit\u00e4tszuschlages  auszunehmen.     &#8222;Die vom Bundeswirtschaftsminister vorgeschlagene Einf\u00fchrung eines Freibetrags an Stelle einer Freigrenze weist in die richtige  Richtung. Er \u00e4ndert aber nichts daran, dass ausgew\u00e4hlte Gruppen noch  \u00fcber Jahre Sonderopfer in Form einer Sondersteuer f\u00fcr Leistung und  Erfolg bringen sollen. Dennoch w\u00e4ren ein festes Ausstiegsdatum und  der Einstieg in die Entlastung vieler Leistungstr\u00e4ger, Freiberufler  und Unternehmen angesichts der sich eintr\u00fcbenden Konjunktur ein  wichtiges Signal, den Standort Deutschland zu st\u00e4rken&#8220;, mahnt Leroux.     \u00dcber uns:     Die ULA ist die Vereinigung der deutschen F\u00fchrungskr\u00e4fteverb\u00e4nde.  Als Dachverband ist sie das politische Sprachrohr f\u00fcr 70.000  F\u00fchrungskr\u00e4fte in Deutschland. Sie vertritt deren Interessen in der  Arbeits-, Steuer-, Sozial- und Bildungspolitik gegen\u00fcber Regierung  und Parlament sowohl in Berlin als auch in Br\u00fcssel.    Pressekontakt: ULA &#8211; United Leaders Association Vereinigung der deutschen F\u00fchrungskr\u00e4fteverb\u00e4nde Kaiserdamm 31, 14057 Berlin Pressesprecher: Klaus Bernhard Hofmann Tel +49 30 306963-0 Fax +49 30 306963-13 presse@ula.de www.ula.de  Original-Content von: ULA &#8211; United Leaders Association, \u00fcbermittelt durch news aktuell<\/p>\n<p>Quelle: <a href=\"https:\/\/www.presseportal.de\/pm\/132390\/4350766\" target=\"_blank\" rel=\"noopener noreferrer\">presseportal.de<\/a><\/p>\n","protected":false},"excerpt":{"rendered":"<p>Berlin (ots) &#8211; Der Dachverband der deutschen F\u00fchrungskr\u00e4fteverb\u00e4nde ULA unterst\u00fctzt den Vorschlag von Bundeswirtschaftsminister Peter Altmaier f\u00fcr eine Entlastung aller<\/p>\n","protected":false},"author":3,"featured_media":0,"comment_status":"open","ping_status":"open","sticky":false,"template":"","format":"standard","meta":{"colormag_page_container_layout":"default_layout","colormag_page_sidebar_layout":"default_layout","footnotes":""},"categories":[5],"tags":[],"class_list":["post-290313","post","type-post","status-publish","format-standard","hentry","category-politik-wirtschaft"],"_links":{"self":[{"href":"https:\/\/hier-luebeck.de\/index.php\/wp-json\/wp\/v2\/posts\/290313","targetHints":{"allow":["GET"]}}],"collection":[{"href":"https:\/\/hier-luebeck.de\/index.php\/wp-json\/wp\/v2\/posts"}],"about":[{"href":"https:\/\/hier-luebeck.de\/index.php\/wp-json\/wp\/v2\/types\/post"}],"author":[{"embeddable":true,"href":"https:\/\/hier-luebeck.de\/index.php\/wp-json\/wp\/v2\/users\/3"}],"replies":[{"embeddable":true,"href":"https:\/\/hier-luebeck.de\/index.php\/wp-json\/wp\/v2\/comments?post=290313"}],"version-history":[{"count":0,"href":"https:\/\/hier-luebeck.de\/index.php\/wp-json\/wp\/v2\/posts\/290313\/revisions"}],"wp:attachment":[{"href":"https:\/\/hier-luebeck.de\/index.php\/wp-json\/wp\/v2\/media?parent=290313"}],"wp:term":[{"taxonomy":"category","embeddable":true,"href":"https:\/\/hier-luebeck.de\/index.php\/wp-json\/wp\/v2\/categories?post=290313"},{"taxonomy":"post_tag","embeddable":true,"href":"https:\/\/hier-luebeck.de\/index.php\/wp-json\/wp\/v2\/tags?post=290313"}],"curies":[{"name":"wp","href":"https:\/\/api.w.org\/{rel}","templated":true}]}}