{"id":290316,"date":"2019-08-16T13:31:23","date_gmt":"2019-08-16T13:31:23","guid":{"rendered":"http:\/\/www.hier-luebeck.de\/politik-wirtschaft\/schummer-angehoerigen-entlastungsgesetz-bringt-wichtige-fortschritte\/"},"modified":"2019-08-16T13:31:23","modified_gmt":"2019-08-16T13:31:23","slug":"schummer-angehoerigen-entlastungsgesetz-bringt-wichtige-fortschritte","status":"publish","type":"post","link":"https:\/\/hier-luebeck.de\/index.php\/schummer-angehoerigen-entlastungsgesetz-bringt-wichtige-fortschritte\/","title":{"rendered":"Schummer: Angeh\u00f6rigen-Entlastungsgesetz bringt wichtige Fortschritte"},"content":{"rendered":"<p>Berlin (ots) &#8211; Angeh\u00f6rige von Pflegebed\u00fcrftigen werden entlastet  und Menschen mit Behinderungen besser gef\u00f6rdert     Die Bundesregierung hat den Entwurf f\u00fcr das  Angeh\u00f6rigen-Entlastungsgesetz beschlossen.<!--more--> Hierzu erkl\u00e4rt der  Vorsitzende der Arbeitnehmergruppe der CDU\/CSU-Bundestagsfraktion,  Uwe Schummer:     &#8222;Mit dem geplanten Angeh\u00f6rigen-Entlastungsgesetz erreichen wir,  dass Angeh\u00f6rige von Pflegebed\u00fcrftigen k\u00fcnftig erst ab einem  Brutto-Jahreseinkommen von 100.000 Euro in die Unterhaltspflicht  genommen werden. Das ist eine wichtige Entlastung f\u00fcr die Betroffenen und nimmt den Menschen in Pflegeheimen auch die Sorge, eine  finanzielle Belastung f\u00fcr ihre nahen Angeh\u00f6rigen zu sein.     Auch f\u00fcr Menschen mit Behinderungen enth\u00e4lt der Gesetzesentwurf  wichtige Neuerungen. Das Angebot einer unabh\u00e4ngigen Teilhabeberatung  wird \u00fcber 2022 hinaus verl\u00e4ngert. Zudem soll ein Budget f\u00fcr  Ausbildung eingef\u00fchrt werden. Mit diesem Budget k\u00f6nnen gerade junge  Menschen mit Behinderung auf dem inklusiven Arbeitsmarkt intensiver  als bisher begleitet werden. Das hilft den Betroffenen bei der  eigenst\u00e4ndigen Lebensplanung und ist auch ein Gewinn f\u00fcr Betriebe,  die Auszubildende suchen. Mit dem Budget steigen die Chancen von  jungen Menschen mit Behinderungen, durch eine betriebliche Ausbildung einen anerkannten Berufsabschluss auf dem regul\u00e4ren Arbeitsmarkt zu  erlangen.&#8220;    Pressekontakt: CDU\/CSU &#8211; Bundestagsfraktion Pressestelle Telefon:  (030) 227-52360 Fax:      (030) 227-56660 Internet: http:\/\/www.cducsu.de Email: pressestelle@cducsu.de  Original-Content von: CDU\/CSU &#8211; Bundestagsfraktion, \u00fcbermittelt durch news aktuell<\/p>\n<p>Quelle: <a href=\"https:\/\/www.presseportal.de\/pm\/7846\/4350683\" target=\"_blank\" rel=\"noopener noreferrer\">presseportal.de<\/a><\/p>\n","protected":false},"excerpt":{"rendered":"<p>Berlin (ots) &#8211; Angeh\u00f6rige von Pflegebed\u00fcrftigen werden entlastet und Menschen mit Behinderungen besser gef\u00f6rdert Die Bundesregierung hat den Entwurf f\u00fcr<\/p>\n","protected":false},"author":3,"featured_media":0,"comment_status":"open","ping_status":"open","sticky":false,"template":"","format":"standard","meta":{"colormag_page_container_layout":"default_layout","colormag_page_sidebar_layout":"default_layout","footnotes":""},"categories":[5],"tags":[],"class_list":["post-290316","post","type-post","status-publish","format-standard","hentry","category-politik-wirtschaft"],"_links":{"self":[{"href":"https:\/\/hier-luebeck.de\/index.php\/wp-json\/wp\/v2\/posts\/290316","targetHints":{"allow":["GET"]}}],"collection":[{"href":"https:\/\/hier-luebeck.de\/index.php\/wp-json\/wp\/v2\/posts"}],"about":[{"href":"https:\/\/hier-luebeck.de\/index.php\/wp-json\/wp\/v2\/types\/post"}],"author":[{"embeddable":true,"href":"https:\/\/hier-luebeck.de\/index.php\/wp-json\/wp\/v2\/users\/3"}],"replies":[{"embeddable":true,"href":"https:\/\/hier-luebeck.de\/index.php\/wp-json\/wp\/v2\/comments?post=290316"}],"version-history":[{"count":0,"href":"https:\/\/hier-luebeck.de\/index.php\/wp-json\/wp\/v2\/posts\/290316\/revisions"}],"wp:attachment":[{"href":"https:\/\/hier-luebeck.de\/index.php\/wp-json\/wp\/v2\/media?parent=290316"}],"wp:term":[{"taxonomy":"category","embeddable":true,"href":"https:\/\/hier-luebeck.de\/index.php\/wp-json\/wp\/v2\/categories?post=290316"},{"taxonomy":"post_tag","embeddable":true,"href":"https:\/\/hier-luebeck.de\/index.php\/wp-json\/wp\/v2\/tags?post=290316"}],"curies":[{"name":"wp","href":"https:\/\/api.w.org\/{rel}","templated":true}]}}