{"id":290352,"date":"2019-08-17T13:48:18","date_gmt":"2019-08-17T13:48:18","guid":{"rendered":"http:\/\/www.hier-luebeck.de\/politik-wirtschaft\/joerg-meuthen-kramp-karrenbauer-vertreibt-letzte-konservative-aus-der-cdu\/"},"modified":"2019-08-17T13:48:18","modified_gmt":"2019-08-17T13:48:18","slug":"joerg-meuthen-kramp-karrenbauer-vertreibt-letzte-konservative-aus-der-cdu","status":"publish","type":"post","link":"https:\/\/hier-luebeck.de\/index.php\/joerg-meuthen-kramp-karrenbauer-vertreibt-letzte-konservative-aus-der-cdu\/","title":{"rendered":"J\u00f6rg Meuthen: Kramp-Karrenbauer vertreibt letzte Konservative aus der CDU"},"content":{"rendered":"<p>Berlin (ots) &#8211; Die Forderung der CDU-Vorsitzenden Annegret  Kramp-Karrenbauer nach einem Parteiausschluss des  Ex-Verfassungsschutz-Chefs Hans-Georg Maa\u00dfen hat am Samstag heftige  Reaktionen ausgel\u00f6st.     Kritik kam auch von AfD-Parteichef J\u00f6rg Meuthen.<!--more--> Die  CDU-Vorsitzende bem\u00fche sich &#8222;nach Kr\u00e4ften, auch noch die letzten  verbliebenen Konservativen aus der CDU zu treiben&#8220;, sagte Meuthen der Wochenzeitung Junge Freiheit. Kramp-Karrenbauer unterstreiche damit,  &#8222;dass die von Maa\u00dfen vertretenen Positionen insbesondere zur inneren  Sicherheit nur noch von der AfD vertreten werden&#8220;.    Pressekontakt: Alternative f\u00fcr Deutschland Bundesgesch\u00e4ftsstelle  Schillstra\u00dfe 9 \/ 10785 Berlin  Telefon: 030 220 56 96 50 E-Mail: presse@afd.de  Original-Content von: AfD &#8211; Alternative f\u00fcr Deutschland, \u00fcbermittelt durch news aktuell<\/p>\n<p>Quelle: <a href=\"https:\/\/www.presseportal.de\/pm\/110332\/4351101\" target=\"_blank\" rel=\"noopener noreferrer\">presseportal.de<\/a><\/p>\n","protected":false},"excerpt":{"rendered":"<p>Berlin (ots) &#8211; Die Forderung der CDU-Vorsitzenden Annegret Kramp-Karrenbauer nach einem Parteiausschluss des Ex-Verfassungsschutz-Chefs Hans-Georg Maa\u00dfen hat am Samstag heftige<\/p>\n","protected":false},"author":3,"featured_media":0,"comment_status":"open","ping_status":"open","sticky":false,"template":"","format":"standard","meta":{"colormag_page_container_layout":"default_layout","colormag_page_sidebar_layout":"default_layout","footnotes":""},"categories":[5],"tags":[],"class_list":["post-290352","post","type-post","status-publish","format-standard","hentry","category-politik-wirtschaft"],"_links":{"self":[{"href":"https:\/\/hier-luebeck.de\/index.php\/wp-json\/wp\/v2\/posts\/290352","targetHints":{"allow":["GET"]}}],"collection":[{"href":"https:\/\/hier-luebeck.de\/index.php\/wp-json\/wp\/v2\/posts"}],"about":[{"href":"https:\/\/hier-luebeck.de\/index.php\/wp-json\/wp\/v2\/types\/post"}],"author":[{"embeddable":true,"href":"https:\/\/hier-luebeck.de\/index.php\/wp-json\/wp\/v2\/users\/3"}],"replies":[{"embeddable":true,"href":"https:\/\/hier-luebeck.de\/index.php\/wp-json\/wp\/v2\/comments?post=290352"}],"version-history":[{"count":0,"href":"https:\/\/hier-luebeck.de\/index.php\/wp-json\/wp\/v2\/posts\/290352\/revisions"}],"wp:attachment":[{"href":"https:\/\/hier-luebeck.de\/index.php\/wp-json\/wp\/v2\/media?parent=290352"}],"wp:term":[{"taxonomy":"category","embeddable":true,"href":"https:\/\/hier-luebeck.de\/index.php\/wp-json\/wp\/v2\/categories?post=290352"},{"taxonomy":"post_tag","embeddable":true,"href":"https:\/\/hier-luebeck.de\/index.php\/wp-json\/wp\/v2\/tags?post=290352"}],"curies":[{"name":"wp","href":"https:\/\/api.w.org\/{rel}","templated":true}]}}