{"id":290353,"date":"2019-08-17T06:00:00","date_gmt":"2019-08-17T06:00:00","guid":{"rendered":"http:\/\/www.hier-luebeck.de\/politik-wirtschaft\/senftleben-mitgliederabstimmung-ueber-etwaigen-koalitionsvertrag\/"},"modified":"2019-08-17T06:00:00","modified_gmt":"2019-08-17T06:00:00","slug":"senftleben-mitgliederabstimmung-ueber-etwaigen-koalitionsvertrag","status":"publish","type":"post","link":"https:\/\/hier-luebeck.de\/index.php\/senftleben-mitgliederabstimmung-ueber-etwaigen-koalitionsvertrag\/","title":{"rendered":"Senftleben: Mitgliederabstimmung \u00fcber etwaigen Koalitionsvertrag"},"content":{"rendered":"<p>Berlin (ots) &#8211;      Sperrfrist: 17.08.2019 06:00    Bitte beachten Sie, dass diese Meldung erst nach Ablauf der    Sperrfrist zur Ver\u00f6ffentlichung freigegeben ist.     Der Brandenburgische CDU-Spitzenkandidat Ingo Senftleben will nach der Landtagswahl am 1. September alle Parteimitglieder \u00fcber einen  etwaigen Koalitionsvertrag abstimmen lassen.<!--more--> Das k\u00fcndigte der  CDU-Landeschef am Samstag im Inforadio des Rundfunks  Berlin-Brandenburg (rbb) an.     &#8222;Die Brandenburger CDU geht auch da intern neue Wege. Wir werden  als Partei einen m\u00f6glichen Regierungsvertrag, den wir mit  ausgehandelt haben, allen Mitgliedern vorlegen. Und alle Mitglieder  d\u00fcrfen auch mitentscheiden, (&#8230;) dann zu Hause sich \u00fcberlegen, gehen wir einen Weg der Verantwortung, oder scheuen wir den Weg der  Verantwortung&#8220;, erkl\u00e4rte Senftleben.     F\u00fcr eine Koalition mit den Gr\u00fcnen gebe es bereits gro\u00dfe  Schnittmengen, betonte Senftleben. Unter Umst\u00e4nden sei ein B\u00fcndnis  vorstellbar, das die Linke einschlie\u00dft. Eine Zusammenarbeit mit der  AfD schlie\u00dfe er kategorisch aus:     &#8222;Wir streben keine Regierung an mit linken oder rechten Parteien.  Was ich aber nicht machen kann: Ich kann doch nicht erkl\u00e4ren, ich  m\u00f6chte Regierungschef in Brandenburg werden, (&#8230;) und nach der Wahl  verweigere ich mich, weil die Regierungsbildung schwierig werden  k\u00f6nnte aufgrund der Wahlentscheidung der B\u00fcrger. (&#8230;) Ich m\u00f6chte  nicht in Neuwahlen st\u00fcrzen. Ich m\u00f6chte auch nicht eine  Minderheitsregierung aufstellen. Ich m\u00f6chte eine stabile Regierung  f\u00fcr Brandenburg erm\u00f6glichen. Und deshalb werden wir uns anschauen,  was nach der Wahl m\u00f6glich ist.&#8220;    Pressekontakt: Rundfunk Berlin-Brandenburg Inforadio Chef\/Chefin vom Dienst Tel.: 030 &#8211; 97993 &#8211; 37400 Mail: info@inforadio.de  Original-Content von: Rundfunk Berlin-Brandenburg (rbb), \u00fcbermittelt durch news aktuell<\/p>\n<p>Quelle: <a href=\"https:\/\/www.presseportal.de\/pm\/51580\/4350907\" target=\"_blank\" rel=\"noopener noreferrer\">presseportal.de<\/a><\/p>\n","protected":false},"excerpt":{"rendered":"<p>Berlin (ots) &#8211; Sperrfrist: 17.08.2019 06:00 Bitte beachten Sie, dass diese Meldung erst nach Ablauf der Sperrfrist zur Ver\u00f6ffentlichung freigegeben<\/p>\n","protected":false},"author":3,"featured_media":0,"comment_status":"open","ping_status":"open","sticky":false,"template":"","format":"standard","meta":{"colormag_page_container_layout":"default_layout","colormag_page_sidebar_layout":"default_layout","footnotes":""},"categories":[5],"tags":[],"class_list":["post-290353","post","type-post","status-publish","format-standard","hentry","category-politik-wirtschaft"],"_links":{"self":[{"href":"https:\/\/hier-luebeck.de\/index.php\/wp-json\/wp\/v2\/posts\/290353","targetHints":{"allow":["GET"]}}],"collection":[{"href":"https:\/\/hier-luebeck.de\/index.php\/wp-json\/wp\/v2\/posts"}],"about":[{"href":"https:\/\/hier-luebeck.de\/index.php\/wp-json\/wp\/v2\/types\/post"}],"author":[{"embeddable":true,"href":"https:\/\/hier-luebeck.de\/index.php\/wp-json\/wp\/v2\/users\/3"}],"replies":[{"embeddable":true,"href":"https:\/\/hier-luebeck.de\/index.php\/wp-json\/wp\/v2\/comments?post=290353"}],"version-history":[{"count":0,"href":"https:\/\/hier-luebeck.de\/index.php\/wp-json\/wp\/v2\/posts\/290353\/revisions"}],"wp:attachment":[{"href":"https:\/\/hier-luebeck.de\/index.php\/wp-json\/wp\/v2\/media?parent=290353"}],"wp:term":[{"taxonomy":"category","embeddable":true,"href":"https:\/\/hier-luebeck.de\/index.php\/wp-json\/wp\/v2\/categories?post=290353"},{"taxonomy":"post_tag","embeddable":true,"href":"https:\/\/hier-luebeck.de\/index.php\/wp-json\/wp\/v2\/tags?post=290353"}],"curies":[{"name":"wp","href":"https:\/\/api.w.org\/{rel}","templated":true}]}}