{"id":290354,"date":"2019-08-16T17:14:24","date_gmt":"2019-08-16T17:14:24","guid":{"rendered":"http:\/\/www.hier-luebeck.de\/politik-wirtschaft\/sachsens-ministerpraesident-michael-kretschmer-in-der-stern-diskuthek-maassen-wird-hier-nie-innenminister-werden\/"},"modified":"2019-08-16T17:14:24","modified_gmt":"2019-08-16T17:14:24","slug":"sachsens-ministerpraesident-michael-kretschmer-in-der-stern-diskuthek-maassen-wird-hier-nie-innenminister-werden","status":"publish","type":"post","link":"https:\/\/hier-luebeck.de\/index.php\/sachsens-ministerpraesident-michael-kretschmer-in-der-stern-diskuthek-maassen-wird-hier-nie-innenminister-werden\/","title":{"rendered":"Sachsens Ministerpr\u00e4sident Michael Kretschmer in der stern-DISKUTHEK: &#8222;Maa\u00dfen wird hier nie Innenminister werden&#8220;"},"content":{"rendered":"<p>Hamburg (ots) &#8211; Sachsens Ministerpr\u00e4sident Michael Kretschmer  (CDU) geht deutlich auf Distanz zu Ex-Verfassungsschutzpr\u00e4sident  Hans-Georg Maa\u00dfen. Maa\u00dfen, der Mitglied der konservativen Werteunion  ist, macht seit einiger Zeit Wahlkampf f\u00fcr konservative  CDU-Landtagskandidaten, darunter beispielsweise auch  Landtagspr\u00e4sident Matthias R\u00f6\u00dfler.<!--more--> Das Engagement ist in der Partei  hoch umstritten. Kretschmer gef\u00e4llt es jedenfalls  \u00fcberhaupt nicht.  Bei einer Diskussionsveranstaltung mit Linken-Chefin Katja Kipping  f\u00fcr die DISKUTHEK, das neue Debattenformat des stern auf Youtube,  sagte Kretschmer: &#8222;Ich finde, dass man Herrn Maa\u00dfen nicht sch\u00e4tzen  muss. Ich habe ihn nicht eingeladen.&#8220;     Kretschmer wies Spekulationen Kippings zur\u00fcck, dass Maa\u00dfen in  einem neuen Kabinett Innenminister werden k\u00f6nnte. &#8222;Er wird hier nie  Innenminister werden.&#8220; Kipping hatte mit Verweis auf Maa\u00dfens  Gesinnung spekuliert: &#8222;Da h\u00e4tte man faktisch die AfD mit im Kabinett  sitzen.&#8220;     Maa\u00dfen war wegen umstrittener \u00c4u\u00dferungen zu ausl\u00e4nderfeindlichen  Ausschreitungen in Chemnitz im vergangenen Jahr in den einstweiligen  Ruhestand versetzt worden. Er hatte die Haltung vertreten, dass es in Chemnitz keine &#8222;Hetzjagden&#8220; gegeben habe. Sachsens Ministerpr\u00e4sident  Kretschmer sagte dazu in der &#8222;DISKUTHEK&#8220;: &#8222;Die Debatte, die Herr  Maa\u00dfen angefangen hat, hat uns insofern geschadet, als dass er sie  verl\u00e4ngert hat. Das nehm ich ihm pers\u00f6nlich auch sehr \u00fcbel.&#8220;     Bei seinen Wahlkampfauftritten in Sachsen pr\u00e4sentiert sich Maa\u00dfen  als strammer Rechtsausleger. In Lampertswalde nannte er in der  vergangenen Woche etwa die Seenotrettung im Mittelmeer einen  &#8222;Shuttle-Dienst&#8220; &#8211; &#8222;das ist ein Schleusergesch\u00e4ftsmodell, das darf  nicht unterst\u00fctzt werden.&#8220;     Die DISKUTHEK-Folge &#8222;Kretschmer vs. Kipping&#8220; wird am 29. August  auf www.stern.de und www.youtube.com\/stern ver\u00f6ffentlicht. DISKUTHEK  ist das neue Debattenformat des stern auf Youtube.     Diese Vorabmeldung ist nur mit der Quellenangabe stern DISKUTHEK  frei zur Ver\u00f6ffentlichung.    Pressekontakt: Sabine Gr\u00fcngreiff, Gruner + Jahr Unternehmenskommunikation,  Telefon: 040 &#8211; 3703 2468, E-Mail: gruengreiff.sabine@guj.de  Original-Content von: Gruner+Jahr, STERN, \u00fcbermittelt durch news aktuell<\/p>\n<p>Quelle: <a href=\"https:\/\/www.presseportal.de\/pm\/6329\/4350891\" target=\"_blank\" rel=\"noopener noreferrer\">presseportal.de<\/a><\/p>\n","protected":false},"excerpt":{"rendered":"<p>Hamburg (ots) &#8211; Sachsens Ministerpr\u00e4sident Michael Kretschmer (CDU) geht deutlich auf Distanz zu Ex-Verfassungsschutzpr\u00e4sident Hans-Georg Maa\u00dfen. Maa\u00dfen, der Mitglied der<\/p>\n","protected":false},"author":3,"featured_media":0,"comment_status":"open","ping_status":"open","sticky":false,"template":"","format":"standard","meta":{"colormag_page_container_layout":"default_layout","colormag_page_sidebar_layout":"default_layout","footnotes":""},"categories":[5],"tags":[],"class_list":["post-290354","post","type-post","status-publish","format-standard","hentry","category-politik-wirtschaft"],"_links":{"self":[{"href":"https:\/\/hier-luebeck.de\/index.php\/wp-json\/wp\/v2\/posts\/290354","targetHints":{"allow":["GET"]}}],"collection":[{"href":"https:\/\/hier-luebeck.de\/index.php\/wp-json\/wp\/v2\/posts"}],"about":[{"href":"https:\/\/hier-luebeck.de\/index.php\/wp-json\/wp\/v2\/types\/post"}],"author":[{"embeddable":true,"href":"https:\/\/hier-luebeck.de\/index.php\/wp-json\/wp\/v2\/users\/3"}],"replies":[{"embeddable":true,"href":"https:\/\/hier-luebeck.de\/index.php\/wp-json\/wp\/v2\/comments?post=290354"}],"version-history":[{"count":0,"href":"https:\/\/hier-luebeck.de\/index.php\/wp-json\/wp\/v2\/posts\/290354\/revisions"}],"wp:attachment":[{"href":"https:\/\/hier-luebeck.de\/index.php\/wp-json\/wp\/v2\/media?parent=290354"}],"wp:term":[{"taxonomy":"category","embeddable":true,"href":"https:\/\/hier-luebeck.de\/index.php\/wp-json\/wp\/v2\/categories?post=290354"},{"taxonomy":"post_tag","embeddable":true,"href":"https:\/\/hier-luebeck.de\/index.php\/wp-json\/wp\/v2\/tags?post=290354"}],"curies":[{"name":"wp","href":"https:\/\/api.w.org\/{rel}","templated":true}]}}