{"id":290430,"date":"2019-08-19T15:02:18","date_gmt":"2019-08-19T15:02:18","guid":{"rendered":"http:\/\/www.hier-luebeck.de\/besondere-neuigkeiten\/pol-rz-mit-ueber-2-promille-unterwegs\/"},"modified":"2019-08-19T15:02:18","modified_gmt":"2019-08-19T15:02:18","slug":"pol-rz-mit-ueber-2-promille-unterwegs","status":"publish","type":"post","link":"https:\/\/hier-luebeck.de\/index.php\/pol-rz-mit-ueber-2-promille-unterwegs\/","title":{"rendered":"POL-RZ: Mit \u00fcber 2 Promille unterwegs"},"content":{"rendered":"<p>Ratzeburg (ots) &#8211; 19. August 2019   &#8211;   Kreis Herzogtum Lauenburg  &#8211; 17.08.2019 &#8211; Lehmrade     Am Samstag (17.08.2019), gegen 17:35 Uhr, ist es auf einem  Parkplatz einer Gastst\u00e4tte in Lehmrade zu einem Verkehrsunfall  gekommen.     Ein 48-j\u00e4hriger Mann wollte mit seinem Mercedes Vito das  Grundst\u00fcck einer Gastst\u00e4tte in der Stra\u00dfe Am D\u00fcsensee verlassen.<!--more--> Nach ersten Erkenntnissen kam das Fahrzeug im Bereich einer Steigung zum  Stehen. Als der Fahrzeugf\u00fchrer daraufhin kurz den Vito verlie\u00df,  rollte dieser pl\u00f6tzlich r\u00fcckw\u00e4rts. Der M\u00f6llner versuchte zwar noch  durch einen Sprung ins Fahrzeuginnere den Pkw zu stoppen. Vergebens,  denn er stie\u00df gegen die Mauer eines Holzschuppens.     Bei der Unfallaufnahme stellten die Beamten der Polizeistation  M\u00f6lln bei dem 48-j\u00e4hrigen Atemalkoholgeruch fest. Ein entsprechender  Test ergab einen Wert von 2,66 Promille. Somit musste er die Beamten  zur Dienststelle nach M\u00f6lln begleiten, wo ihm eine Blutprobe  entnommen wurde. Sein F\u00fchrerschein wurde beschlagnahmt.     Ein Strafverfahren wegen Stra\u00dfenverkehrsgef\u00e4hrdung leiteten die  Beamten ein. Der M\u00f6llner darf nunmehr kein Kfz mehr im \u00f6ffentlichen  Verkehrsraum f\u00fchren.     Es entstand ein Gesamtsachschaden von 1.500,- Euro.     <\/p>\n<p>Quelle: <a href=\"https:\/\/www.presseportal.de\/blaulicht\/pm\/43735\/4352531\" target=\"_blank\" rel=\"noopener noreferrer\">presseportal.de<\/a><\/p>\n","protected":false},"excerpt":{"rendered":"<p>Ratzeburg (ots) &#8211; 19. August 2019 &#8211; Kreis Herzogtum Lauenburg &#8211; 17.08.2019 &#8211; Lehmrade Am Samstag (17.08.2019), gegen 17:35 Uhr,<\/p>\n","protected":false},"author":3,"featured_media":0,"comment_status":"open","ping_status":"open","sticky":false,"template":"","format":"standard","meta":{"colormag_page_container_layout":"default_layout","colormag_page_sidebar_layout":"default_layout","footnotes":""},"categories":[20],"tags":[],"class_list":["post-290430","post","type-post","status-publish","format-standard","hentry","category-besondere-neuigkeiten"],"_links":{"self":[{"href":"https:\/\/hier-luebeck.de\/index.php\/wp-json\/wp\/v2\/posts\/290430","targetHints":{"allow":["GET"]}}],"collection":[{"href":"https:\/\/hier-luebeck.de\/index.php\/wp-json\/wp\/v2\/posts"}],"about":[{"href":"https:\/\/hier-luebeck.de\/index.php\/wp-json\/wp\/v2\/types\/post"}],"author":[{"embeddable":true,"href":"https:\/\/hier-luebeck.de\/index.php\/wp-json\/wp\/v2\/users\/3"}],"replies":[{"embeddable":true,"href":"https:\/\/hier-luebeck.de\/index.php\/wp-json\/wp\/v2\/comments?post=290430"}],"version-history":[{"count":0,"href":"https:\/\/hier-luebeck.de\/index.php\/wp-json\/wp\/v2\/posts\/290430\/revisions"}],"wp:attachment":[{"href":"https:\/\/hier-luebeck.de\/index.php\/wp-json\/wp\/v2\/media?parent=290430"}],"wp:term":[{"taxonomy":"category","embeddable":true,"href":"https:\/\/hier-luebeck.de\/index.php\/wp-json\/wp\/v2\/categories?post=290430"},{"taxonomy":"post_tag","embeddable":true,"href":"https:\/\/hier-luebeck.de\/index.php\/wp-json\/wp\/v2\/tags?post=290430"}],"curies":[{"name":"wp","href":"https:\/\/api.w.org\/{rel}","templated":true}]}}