{"id":290431,"date":"2019-08-19T14:54:38","date_gmt":"2019-08-19T14:54:38","guid":{"rendered":"http:\/\/www.hier-luebeck.de\/besondere-neuigkeiten\/pol-rz-eine-besondere-trunkenheitsfahrt\/"},"modified":"2019-08-19T14:54:38","modified_gmt":"2019-08-19T14:54:38","slug":"pol-rz-eine-besondere-trunkenheitsfahrt","status":"publish","type":"post","link":"https:\/\/hier-luebeck.de\/index.php\/pol-rz-eine-besondere-trunkenheitsfahrt\/","title":{"rendered":"POL-RZ: Eine besondere Trunkenheitsfahrt"},"content":{"rendered":"<p>Ratzeburg (ots) &#8211; 19. August  2019   | Kreis Stormarn &#8211; 16.08.2019 BAB1 \/ Wesenberg     Am 16.08.2019 (gegen 07:25 Uhr) teilte eine Verkehrsteilnehmerin  den Beamten des Polizei-Autobahnrevieres in Bad Oldesloe mit, der ihr auf der BAB 1 in Fahrtrichtung Hamburg ein VW Up durch besondere  R\u00fccksichtslosigkeit zwischen dem Autobahnkreuz L\u00fcbeck und der  Anschlussstelle Reinfeld aufgefallen sei.<!--more--> Der Fahrer h\u00e4tte u.a.  unn\u00f6tige und pl\u00f6tzliche unangek\u00fcndigte Fahrstreifenwechsel  durchgef\u00fchrt, spontane Bremsungen vollzogen und andere  Verkehrsteilnehmer wiederholt geschnitten. Auch Rechts\u00fcberholen und  das \u00dcberholen \u00fcber den Seitenstreifen geh\u00f6rten zum Repertoire.     Das beschriebene Fahrzeug konnte durch eine Streifenwagenbesatzung schnell eingeholt werden. Doch bevor das Fahrzeug und dessen Fahrer  an der Anschlussstelle Stapelfeld einer Kontrolle unterzogen werden  konnten, entschlossen sich Fahrer und Beifahrer &#8211; wohl in der Annahme einen vermeintlich unbeobachteten Moment ausnutzen zu k\u00f6nnen &#8211; zu  einem Seitenwechsel. W\u00e4hrend der Fahrt \u00fcberkletterten beide einander  und der Beifahrer \u00fcbernahm das Steuer. Um den Rollentausch perfekt zu machen, wurden auch noch einige Bekleidungsgegenst\u00e4nde getauscht.     Die Aktion war von den aufmerksamen Kollegen nicht unbemerkt  geblieben. Am Kontrollort stellte sich dann heraus, dass der nun  hinter dem Lenkrad sitzende 24-j\u00e4hrige Fahrer unter Alkoholeinfluss  stand. Er &#8222;pustete&#8220; freiwillig 0,98 Promille.     Es stellte sich die Frage nach dem Grund f\u00fcr den Platztausch.     Der urspr\u00fcngliche Fahrer, ebenfalls 24 Jahre alt, ist nicht im  Besitz eines F\u00fchrerscheins und stand ebenfalls unter Alkoholeinfluss. Ein  freiwillig durchgef\u00fchrter Atemalkoholtest ergab einen Wert von  1,27 Promille.     F\u00fcr die beiden Hamburger endete der Einsatz mit der Entnahme von  Blutproben und der Fertigung von Strafanzeigen bzgl. Fahrens ohne  Fahrerlaubnis, zweier Trunkenheitsfahrten sowie einer Versuchten  Strafvereitlung.     <\/p>\n<p>Quelle: <a href=\"https:\/\/www.presseportal.de\/blaulicht\/pm\/43735\/4352507\" target=\"_blank\" rel=\"noopener noreferrer\">presseportal.de<\/a><\/p>\n","protected":false},"excerpt":{"rendered":"<p>Ratzeburg (ots) &#8211; 19. August 2019 | Kreis Stormarn &#8211; 16.08.2019 BAB1 \/ Wesenberg Am 16.08.2019 (gegen 07:25 Uhr) teilte<\/p>\n","protected":false},"author":3,"featured_media":0,"comment_status":"open","ping_status":"open","sticky":false,"template":"","format":"standard","meta":{"colormag_page_container_layout":"default_layout","colormag_page_sidebar_layout":"default_layout","footnotes":""},"categories":[20],"tags":[],"class_list":["post-290431","post","type-post","status-publish","format-standard","hentry","category-besondere-neuigkeiten"],"_links":{"self":[{"href":"https:\/\/hier-luebeck.de\/index.php\/wp-json\/wp\/v2\/posts\/290431","targetHints":{"allow":["GET"]}}],"collection":[{"href":"https:\/\/hier-luebeck.de\/index.php\/wp-json\/wp\/v2\/posts"}],"about":[{"href":"https:\/\/hier-luebeck.de\/index.php\/wp-json\/wp\/v2\/types\/post"}],"author":[{"embeddable":true,"href":"https:\/\/hier-luebeck.de\/index.php\/wp-json\/wp\/v2\/users\/3"}],"replies":[{"embeddable":true,"href":"https:\/\/hier-luebeck.de\/index.php\/wp-json\/wp\/v2\/comments?post=290431"}],"version-history":[{"count":0,"href":"https:\/\/hier-luebeck.de\/index.php\/wp-json\/wp\/v2\/posts\/290431\/revisions"}],"wp:attachment":[{"href":"https:\/\/hier-luebeck.de\/index.php\/wp-json\/wp\/v2\/media?parent=290431"}],"wp:term":[{"taxonomy":"category","embeddable":true,"href":"https:\/\/hier-luebeck.de\/index.php\/wp-json\/wp\/v2\/categories?post=290431"},{"taxonomy":"post_tag","embeddable":true,"href":"https:\/\/hier-luebeck.de\/index.php\/wp-json\/wp\/v2\/tags?post=290431"}],"curies":[{"name":"wp","href":"https:\/\/api.w.org\/{rel}","templated":true}]}}