{"id":290432,"date":"2019-08-19T14:52:54","date_gmt":"2019-08-19T14:52:54","guid":{"rendered":"http:\/\/www.hier-luebeck.de\/besondere-neuigkeiten\/pol-rz-polizei-ermittelt-nach-raubueberfall-auf-tankstelle-und-sucht-zeugen\/"},"modified":"2019-08-19T14:52:54","modified_gmt":"2019-08-19T14:52:54","slug":"pol-rz-polizei-ermittelt-nach-raubueberfall-auf-tankstelle-und-sucht-zeugen","status":"publish","type":"post","link":"https:\/\/hier-luebeck.de\/index.php\/pol-rz-polizei-ermittelt-nach-raubueberfall-auf-tankstelle-und-sucht-zeugen\/","title":{"rendered":"POL-RZ: Polizei ermittelt nach Raub\u00fcberfall auf Tankstelle und sucht Zeugen"},"content":{"rendered":"<p>Ratzeburg (ots) &#8211; Gemeinsame Medien-Information der  Statsanwaltschaft L\u00fcbeck und der Polizeidirektion Ratzeburg     19. August 2019   | Kreis Stormarn -17.08.2019 &#8211; Reinfeld     Am Samstagabend (17.08.2019) wurde gegen 21:40 Uhr die  ESSO-Tankstelle in der Hamburger Chaussee in Reinfeld \u00fcberfallen.<!--more-->  Zwei maskierte M\u00e4nner betraten die Tankstelle, bedrohten den  46-j\u00e4hrigen Mitarbeiter mit einer Pistole und entnahmen aus der Kasse mehrere hundert Euro Bargeld. Anschlie\u00dfend verlie\u00dfen sie die  Tankstelle und fl\u00fcchteten zu Fu\u00df in Richtung Kr\u00f6gerkoppel. Der  Angestellte blieb unverletzt.     Eine sofort eingeleitete Fahndung mit mehreren Streifenwagen blieb ohne Erfolg.     Die T\u00e4ter werden wie folgt beschrieben:  1.\tPerson &#8211;\tm\u00e4nnlich &#8211;\tca. 25 Jahre alt, jugendliche Erscheinung &#8211;\tca. 180 cm gro\u00df &#8211;\tschlanke Statur &#8211;\tdunkelbraune Haare &#8211;\tbekleidet mit einem wei\u00dfen Sweatshirt, trug eine Sonnenbrille und  ein Basecap  2.\tPerson &#8211;\tm\u00e4nnlich &#8211;\tca. 25 Jahre alt, jugendliche Erscheinung &#8211;\tca. 185 cm gro\u00df &#8211;\tschlanke Statur &#8211;\tdunkle Haare &#8211;\ttrug dunkle Kleidung, eine Sonnenbrille und ein Basecap     Die Kriminalpolizei Bad Oldesloe hat die Ermittlungen aufgenommen  und bittet unter 04531\/501-0 um Hinweise. Wer hat die Tat oder  eventuelle Vorbereitungshandlungen beobachtet? Wer kann Hinweise zu  den T\u00e4tern geben?     Hans-Peter Lofing, Pressesprecher der Staatsanwaltschaft L\u00fcbeck  Sandra Kilian, Pressesprecherin der Polizeidirektion Ratzeburg     <\/p>\n<p>Quelle: <a href=\"https:\/\/www.presseportal.de\/blaulicht\/pm\/43735\/4352504\" target=\"_blank\" rel=\"noopener noreferrer\">presseportal.de<\/a><\/p>\n","protected":false},"excerpt":{"rendered":"<p>Ratzeburg (ots) &#8211; Gemeinsame Medien-Information der Statsanwaltschaft L\u00fcbeck und der Polizeidirektion Ratzeburg 19. August 2019 | Kreis Stormarn -17.08.2019 &#8211;<\/p>\n","protected":false},"author":3,"featured_media":0,"comment_status":"open","ping_status":"open","sticky":false,"template":"","format":"standard","meta":{"colormag_page_container_layout":"default_layout","colormag_page_sidebar_layout":"default_layout","footnotes":""},"categories":[20],"tags":[],"class_list":["post-290432","post","type-post","status-publish","format-standard","hentry","category-besondere-neuigkeiten"],"_links":{"self":[{"href":"https:\/\/hier-luebeck.de\/index.php\/wp-json\/wp\/v2\/posts\/290432","targetHints":{"allow":["GET"]}}],"collection":[{"href":"https:\/\/hier-luebeck.de\/index.php\/wp-json\/wp\/v2\/posts"}],"about":[{"href":"https:\/\/hier-luebeck.de\/index.php\/wp-json\/wp\/v2\/types\/post"}],"author":[{"embeddable":true,"href":"https:\/\/hier-luebeck.de\/index.php\/wp-json\/wp\/v2\/users\/3"}],"replies":[{"embeddable":true,"href":"https:\/\/hier-luebeck.de\/index.php\/wp-json\/wp\/v2\/comments?post=290432"}],"version-history":[{"count":0,"href":"https:\/\/hier-luebeck.de\/index.php\/wp-json\/wp\/v2\/posts\/290432\/revisions"}],"wp:attachment":[{"href":"https:\/\/hier-luebeck.de\/index.php\/wp-json\/wp\/v2\/media?parent=290432"}],"wp:term":[{"taxonomy":"category","embeddable":true,"href":"https:\/\/hier-luebeck.de\/index.php\/wp-json\/wp\/v2\/categories?post=290432"},{"taxonomy":"post_tag","embeddable":true,"href":"https:\/\/hier-luebeck.de\/index.php\/wp-json\/wp\/v2\/tags?post=290432"}],"curies":[{"name":"wp","href":"https:\/\/api.w.org\/{rel}","templated":true}]}}