{"id":290438,"date":"2019-08-19T13:56:30","date_gmt":"2019-08-19T13:56:30","guid":{"rendered":"http:\/\/www.hier-luebeck.de\/besondere-neuigkeiten\/pol-se-fahrenkrug-strassenverkehrsgefaehrdung-polizei-sucht-zeugen-und-geschaedigte\/"},"modified":"2019-08-19T13:56:30","modified_gmt":"2019-08-19T13:56:30","slug":"pol-se-fahrenkrug-strassenverkehrsgefaehrdung-polizei-sucht-zeugen-und-geschaedigte","status":"publish","type":"post","link":"https:\/\/hier-luebeck.de\/index.php\/pol-se-fahrenkrug-strassenverkehrsgefaehrdung-polizei-sucht-zeugen-und-geschaedigte\/","title":{"rendered":"POL-SE: Fahrenkrug   \/\nStra\u00dfenverkehrsgef\u00e4hrdung- Polizei sucht Zeugen und Gesch\u00e4digte"},"content":{"rendered":"<p>Bad Segeberg (ots) &#8211; Am Sonntag, den 19.08.19, kam es im Bereich  der B 206 bei Fahrenkrug zu einer Stra\u00dfenverkehrsgef\u00e4hrdung. Ein  Verkehrsteilnehmer hatte gegen 19:30 Uhr den Verdacht einer  Trunkenheitsfahrt durch den Fahrer eines blauen Mazdas gemeldet.<!--more--> Das  Auto geriet laut Anrufer w\u00e4hrend der Fahrt mit \u00fcberh\u00f6hter  Geschwindigkeit mehrfach auf den rechten Gr\u00fcnstreifen und in den  Gegenverkehr. Letztendlich fuhr der Fahrer mit etwa 100 km\/h bei Rot  \u00fcber eine Kreuzung und kam dann von der Stra\u00dfe ab. Bei dem  augenscheinlich unverletzten Fahrer handelte es sich um einen  36-J\u00e4hrigen, der am Unfallort einen sehr konfusen Eindruck machte.  Eine Untersuchung im Krankenhaus lehnte er ab. Ein Atemalkoholtest  ergab einen Wert von null Promille. Da der 36-J\u00e4hrige angab, dass er  Medikamente einnehmen muss und vor einigen Tagen Drogen konsumiert  hatte, musste er eine Blutprobe abgeben. Die Polizeibeamten  beschlagnahmten au\u00dferdem seinen F\u00fchrerschein  und leiteten ein  Strafverfahren wegen Stra\u00dfenverkehrsgef\u00e4hrdung ein. F\u00fcr das  Ermittlungsverfahren sucht die Polizei Wahlstedt noch eventuelle  Zeugen und Gesch\u00e4digte. Diese werden gebeten, sich unter 04554-70510  zu melden.     Der Mazda war durch den Unfall nicht mehr fahrbereit. Es entstand  ein Schaden von etwa 16.000 Euro.     Polizeidirektion Bad Segeberg &#8211; Pressestelle &#8211; Dorfstr. 16-18 23795 Bad Segeberg  Silke Westphal Telefon: 04551 884 &#8211; 2022 E-Mail: silke.westphal@polizei.landsh.de  Original-Content von: Polizeidirektion Bad Segeberg, \u00fcbermittelt durch news aktuell<\/p>\n<p>Quelle: <a href=\"https:\/\/www.presseportal.de\/blaulicht\/pm\/19027\/4352363\" target=\"_blank\" rel=\"noopener noreferrer\">presseportal.de<\/a><\/p>\n","protected":false},"excerpt":{"rendered":"<p>Bad Segeberg (ots) &#8211; Am Sonntag, den 19.08.19, kam es im Bereich der B 206 bei Fahrenkrug zu einer Stra\u00dfenverkehrsgef\u00e4hrdung.<\/p>\n","protected":false},"author":3,"featured_media":0,"comment_status":"open","ping_status":"open","sticky":false,"template":"","format":"standard","meta":{"colormag_page_container_layout":"default_layout","colormag_page_sidebar_layout":"default_layout","footnotes":""},"categories":[20],"tags":[],"class_list":["post-290438","post","type-post","status-publish","format-standard","hentry","category-besondere-neuigkeiten"],"_links":{"self":[{"href":"https:\/\/hier-luebeck.de\/index.php\/wp-json\/wp\/v2\/posts\/290438","targetHints":{"allow":["GET"]}}],"collection":[{"href":"https:\/\/hier-luebeck.de\/index.php\/wp-json\/wp\/v2\/posts"}],"about":[{"href":"https:\/\/hier-luebeck.de\/index.php\/wp-json\/wp\/v2\/types\/post"}],"author":[{"embeddable":true,"href":"https:\/\/hier-luebeck.de\/index.php\/wp-json\/wp\/v2\/users\/3"}],"replies":[{"embeddable":true,"href":"https:\/\/hier-luebeck.de\/index.php\/wp-json\/wp\/v2\/comments?post=290438"}],"version-history":[{"count":0,"href":"https:\/\/hier-luebeck.de\/index.php\/wp-json\/wp\/v2\/posts\/290438\/revisions"}],"wp:attachment":[{"href":"https:\/\/hier-luebeck.de\/index.php\/wp-json\/wp\/v2\/media?parent=290438"}],"wp:term":[{"taxonomy":"category","embeddable":true,"href":"https:\/\/hier-luebeck.de\/index.php\/wp-json\/wp\/v2\/categories?post=290438"},{"taxonomy":"post_tag","embeddable":true,"href":"https:\/\/hier-luebeck.de\/index.php\/wp-json\/wp\/v2\/tags?post=290438"}],"curies":[{"name":"wp","href":"https:\/\/api.w.org\/{rel}","templated":true}]}}