{"id":290444,"date":"2019-08-19T11:56:58","date_gmt":"2019-08-19T11:56:58","guid":{"rendered":"http:\/\/www.hier-luebeck.de\/politik-wirtschaft\/brandner-migrantenfamiliennachzug-weiterhin-auf-viel-zu-hohem-niveau\/"},"modified":"2019-08-19T11:56:58","modified_gmt":"2019-08-19T11:56:58","slug":"brandner-migrantenfamiliennachzug-weiterhin-auf-viel-zu-hohem-niveau","status":"publish","type":"post","link":"https:\/\/hier-luebeck.de\/index.php\/brandner-migrantenfamiliennachzug-weiterhin-auf-viel-zu-hohem-niveau\/","title":{"rendered":"Brandner: Migrantenfamiliennachzug weiterhin auf viel zu hohem Niveau"},"content":{"rendered":"<p>Berlin (ots) &#8211; Wie sich aus einer schriftlichen Anfrage des  AfD-Bundestagsabgeordneten Stephan Brandner an die Bundesregierung  ergibt, blieb der sogenannte Familiennachzug auch im Jahr 2018 auf  konstant hohem Niveau.<!--more--> So stellt das Bundesministerium des Inneren,  f\u00fcr Bau und Heimat dar, dass im Jahr 2018 &#8222;etwa 104.000 Personen nach Deutschland einreisten, die im selben Jahr eine Aufenthaltserlaubnis  aus famili\u00e4ren Gr\u00fcnden erhalten haben&#8220;.     Stephan Brandner, auch Vorsitzender der Th\u00fcringer Landesgruppe und Justiziar der Fraktion, macht deutlich, dass die Zahl zwar im  Vergleich zum Vorjahr leicht zur\u00fcckgegangen, aber noch immer mehr als doppelt so hoch sei, wie vor zehn Jahren (2009: 48.235):     &#8222;Noch immer wandert j\u00e4hrlich eine Gro\u00dfstadt allein \u00fcber den  sogenannten Familiennachzug nach Deutschland ein. Die gr\u00f6\u00dfte Gruppe  bilden dabei syrische Staatsangeh\u00f6rige. Es muss jedem klar sein, dass hier Neuregelungen erforderlich sind, die den Familiennachzug  zumindest deutlich reduzieren, am besten aber f\u00fcr Migranten, die  keine dauerhafte Bleibeperspektive haben, ganz unterbindet.&#8220;    Pressekontakt: Christian L\u00fcth Pressesprecher    der AfD-Fraktion im Deutschen Bundestag  Tel.: 030 22757225  Original-Content von: AfD-Fraktion im Deutschen Bundestag, \u00fcbermittelt durch news aktuell<\/p>\n<p>Quelle: <a href=\"https:\/\/www.presseportal.de\/pm\/130241\/4352111\" target=\"_blank\" rel=\"noopener noreferrer\">presseportal.de<\/a><\/p>\n","protected":false},"excerpt":{"rendered":"<p>Berlin (ots) &#8211; Wie sich aus einer schriftlichen Anfrage des AfD-Bundestagsabgeordneten Stephan Brandner an die Bundesregierung ergibt, blieb der sogenannte<\/p>\n","protected":false},"author":3,"featured_media":0,"comment_status":"open","ping_status":"open","sticky":false,"template":"","format":"standard","meta":{"colormag_page_container_layout":"default_layout","colormag_page_sidebar_layout":"default_layout","footnotes":""},"categories":[5],"tags":[],"class_list":["post-290444","post","type-post","status-publish","format-standard","hentry","category-politik-wirtschaft"],"_links":{"self":[{"href":"https:\/\/hier-luebeck.de\/index.php\/wp-json\/wp\/v2\/posts\/290444","targetHints":{"allow":["GET"]}}],"collection":[{"href":"https:\/\/hier-luebeck.de\/index.php\/wp-json\/wp\/v2\/posts"}],"about":[{"href":"https:\/\/hier-luebeck.de\/index.php\/wp-json\/wp\/v2\/types\/post"}],"author":[{"embeddable":true,"href":"https:\/\/hier-luebeck.de\/index.php\/wp-json\/wp\/v2\/users\/3"}],"replies":[{"embeddable":true,"href":"https:\/\/hier-luebeck.de\/index.php\/wp-json\/wp\/v2\/comments?post=290444"}],"version-history":[{"count":0,"href":"https:\/\/hier-luebeck.de\/index.php\/wp-json\/wp\/v2\/posts\/290444\/revisions"}],"wp:attachment":[{"href":"https:\/\/hier-luebeck.de\/index.php\/wp-json\/wp\/v2\/media?parent=290444"}],"wp:term":[{"taxonomy":"category","embeddable":true,"href":"https:\/\/hier-luebeck.de\/index.php\/wp-json\/wp\/v2\/categories?post=290444"},{"taxonomy":"post_tag","embeddable":true,"href":"https:\/\/hier-luebeck.de\/index.php\/wp-json\/wp\/v2\/tags?post=290444"}],"curies":[{"name":"wp","href":"https:\/\/api.w.org\/{rel}","templated":true}]}}