{"id":290890,"date":"2019-08-23T14:18:42","date_gmt":"2019-08-23T14:18:42","guid":{"rendered":"http:\/\/www.hier-luebeck.de\/politik-wirtschaft\/phoenix-plus-instrumente-der-macht-das-wort-dienstag-27-august-2019-9-30-uhr\/"},"modified":"2019-08-23T14:18:42","modified_gmt":"2019-08-23T14:18:42","slug":"phoenix-plus-instrumente-der-macht-das-wort-dienstag-27-august-2019-9-30-uhr","status":"publish","type":"post","link":"https:\/\/hier-luebeck.de\/index.php\/phoenix-plus-instrumente-der-macht-das-wort-dienstag-27-august-2019-9-30-uhr\/","title":{"rendered":"phoenix plus: Instrumente der Macht &#8211; Das Wort &#8211; Dienstag, 27. August 2019, 9.30 Uhr"},"content":{"rendered":"<p>Bonn (ots) &#8211; &#8222;Klimawandel&#8220; oder doch eher &#8222;Klimakatastrophe&#8220;?  &#8222;Fl\u00fcchtlingswelle&#8220; oder &#8222;Migration&#8220;? Was bedeutet es, wenn Politiker  von &#8222;Asyltourismus&#8220; sprechen? Und wie ist das zu verstehen, wenn  Minister und Ministerinnen Ihren eigenen Gesetzen schon im Namen eine Wertung geben wie ist das &#8222;Gute-Kita-Gesetz&#8220; oder das  &#8222;Geordnete-R\u00fcckkehr-Gesetz&#8220;?<!--more-->     Sprache ist in der Politik ein wichtiges Werkzeug. Sie kann Fakten vermitteln oder Fake News verbreiten. Sie kann Menschen  zusammenf\u00fchren oder trennen. Sprache kann Kriege ausl\u00f6sen und Frieden schlie\u00dfen. Sprache hat Macht.     In der vierten Folge ihre Reihe &#8222;Instrumente der Macht&#8220; haben die  phoenix-Reporter Kathrin Augustin und Sven Thomsen genau zugeh\u00f6rt und zugeschaut wie Politiker und Parteien mit Hilfe der Sprache  versuchen, die \u00d6ffentlichkeit auf Ihre Seite zu ziehen.    Pressekontakt: phoenix-Kommunikation Pressestelle Telefon: 0228 \/ 9584 192 Fax: 0228 \/ 9584 198 presse@phoenix.de presse.phoenix.de  Original-Content von: PHOENIX, \u00fcbermittelt durch news aktuell<\/p>\n<p>Quelle: <a href=\"https:\/\/www.presseportal.de\/pm\/6511\/4356416\" target=\"_blank\" rel=\"noopener noreferrer\">presseportal.de<\/a><\/p>\n","protected":false},"excerpt":{"rendered":"<p>Bonn (ots) &#8211; &#8222;Klimawandel&#8220; oder doch eher &#8222;Klimakatastrophe&#8220;? &#8222;Fl\u00fcchtlingswelle&#8220; oder &#8222;Migration&#8220;? Was bedeutet es, wenn Politiker von &#8222;Asyltourismus&#8220; sprechen? Und<\/p>\n","protected":false},"author":3,"featured_media":0,"comment_status":"open","ping_status":"open","sticky":false,"template":"","format":"standard","meta":{"colormag_page_container_layout":"default_layout","colormag_page_sidebar_layout":"default_layout","footnotes":""},"categories":[5],"tags":[],"class_list":["post-290890","post","type-post","status-publish","format-standard","hentry","category-politik-wirtschaft"],"_links":{"self":[{"href":"https:\/\/hier-luebeck.de\/index.php\/wp-json\/wp\/v2\/posts\/290890","targetHints":{"allow":["GET"]}}],"collection":[{"href":"https:\/\/hier-luebeck.de\/index.php\/wp-json\/wp\/v2\/posts"}],"about":[{"href":"https:\/\/hier-luebeck.de\/index.php\/wp-json\/wp\/v2\/types\/post"}],"author":[{"embeddable":true,"href":"https:\/\/hier-luebeck.de\/index.php\/wp-json\/wp\/v2\/users\/3"}],"replies":[{"embeddable":true,"href":"https:\/\/hier-luebeck.de\/index.php\/wp-json\/wp\/v2\/comments?post=290890"}],"version-history":[{"count":0,"href":"https:\/\/hier-luebeck.de\/index.php\/wp-json\/wp\/v2\/posts\/290890\/revisions"}],"wp:attachment":[{"href":"https:\/\/hier-luebeck.de\/index.php\/wp-json\/wp\/v2\/media?parent=290890"}],"wp:term":[{"taxonomy":"category","embeddable":true,"href":"https:\/\/hier-luebeck.de\/index.php\/wp-json\/wp\/v2\/categories?post=290890"},{"taxonomy":"post_tag","embeddable":true,"href":"https:\/\/hier-luebeck.de\/index.php\/wp-json\/wp\/v2\/tags?post=290890"}],"curies":[{"name":"wp","href":"https:\/\/api.w.org\/{rel}","templated":true}]}}