{"id":29220,"date":"2011-02-23T16:11:58","date_gmt":"2011-02-23T15:11:58","guid":{"rendered":"http:\/\/www.hier-luebeck.de\/?p=29220"},"modified":"2011-02-23T16:11:58","modified_gmt":"2011-02-23T15:11:58","slug":"pol-hl-oh-stockelsdorf-gesamtschule-schlechte-noten-fur-die-fahrrader-der-schuler","status":"publish","type":"post","link":"https:\/\/hier-luebeck.de\/index.php\/pol-hl-oh-stockelsdorf-gesamtschule-schlechte-noten-fur-die-fahrrader-der-schuler\/","title":{"rendered":"POL-HL: OH &#8211; Stockelsdorf, Gesamtschule \/ Schlechte Noten f\u00fcr die Fahrr\u00e4der der Sch\u00fcler"},"content":{"rendered":"<p><a rel=\"attachment wp-att-10985\" href=\"http:\/\/www.hier-luebeck.de\/2010\/02\/pol-hl-hl-st-jurgen-rotloscherstrase-polizei-nimmt-einbrecher-fest\/funkstreifers-13\/\"><img loading=\"lazy\" decoding=\"async\" class=\"alignleft size-full wp-image-10985\" title=\"FunkstreifeRS\" src=\"http:\/\/www.hier-luebeck.de\/wp-content\/uploads\/2010\/02\/FunkstreifeRS6.JPG\" alt=\"\" width=\"220\" height=\"165\" \/><\/a>L\u00fcbeck (ots) &#8211; &#8222;Versetzung gef\u00e4hrdet&#8220; oder auch &#8222;Klassenziel nicht erreicht&#8220;. So oder \u00e4hnlich k\u00f6nnte heute die Polizei Stockelsdorf die Fahrr\u00e4der einiger Sch\u00fcler benoten, die am Mittwochmorgen, in der Zeit von 08.30 Uhr bis 11.00 Uhr, im Rahmen einer &#8211; f\u00fcr die Sch\u00fcler &#8211; \u00fcberraschenden Verkehrskontrolle an der Gesamtschule in Stockelsdorf \u00fcberpr\u00fcft wurden.<!--more--><\/p>\n<p>In Absprache mit der Schulleitung hatte die Stockelsdorfer Polizei diese Kontrollen geplant und abgesprochen. Klassenweise wurden die Fahrr\u00e4der aller Sch\u00fcler \u00fcberpr\u00fcft.<\/p>\n<p>W\u00e4hrend der dunklen Jahreszeit sind Radfahrer besonders gef\u00e4hrdet.<br \/>\nDaher ist es wichtig, dass die Fahrr\u00e4der, mit denen die Sch\u00fclerinnen und Sch\u00fcler zur Schule kommen, sich in einem verkehrssicheren Zustand befinden.<\/p>\n<p>Kontrolliert wurden insgesamt 126 Fahrr\u00e4der. Bei 78 Fahrr\u00e4dern wurde mindestens ein Mangel festgestellt. Besonders h\u00e4ufig wurden defekte Bremsen sowie eine fehlerhafte Beleuchtung festgestellt. Drei Sch\u00fclern musste der Heimweg mit ihrem Fahrrad wegen erheblicher M\u00e4ngel sogar untersagt werden.<\/p>\n<p>Alle betroffenen Sch\u00fcler erhielten einen Kontrollbericht in dem die festgestellten M\u00e4ngel aufgef\u00fchrt sind. Sie und ihre Eltern haben nun sieben Tage Zeit, das Fahrrad reparieren zu lassen und binnen dieser Frist bei einer Polizeidienststelle vorzuf\u00fchren. Ein Verwarnungsgeld wird bis zu diesem Zeitpunkt noch nicht f\u00e4llig.<\/p>\n<p>Die Polizei Stockelsdorf bittet daher alle Eltern, zur Sicherheit ihrer Kinder darauf zu achten, diese nur mit verkehrssicheren Fahrr\u00e4dern am Stra\u00dfenverkehr teilnehmen zu lassen. Die Beleuchtung der Fahrr\u00e4der sollte regelm\u00e4\u00dfig \u00fcberpr\u00fcft und von den Kindern rechtzeitig in dieser dunklen Jahreszeit eingeschaltet werden. Zudem sollten die Kinder Fahrradhelme tragen und durch helle oder reflektierende Kleidung gut sichtbar gemacht werden.<\/p>\n<p>F\u00fcr die Kinder und ihre Sicherheit sollten Sie mit gutem Beispiel voran gehen!<\/p>\n","protected":false},"excerpt":{"rendered":"<p>L\u00fcbeck (ots) &#8211; &#8222;Versetzung gef\u00e4hrdet&#8220; oder auch &#8222;Klassenziel nicht erreicht&#8220;. So oder \u00e4hnlich k\u00f6nnte heute die Polizei Stockelsdorf die Fahrr\u00e4der<\/p>\n","protected":false},"author":3,"featured_media":0,"comment_status":"open","ping_status":"open","sticky":false,"template":"","format":"standard","meta":{"colormag_page_container_layout":"default_layout","colormag_page_sidebar_layout":"default_layout","footnotes":""},"categories":[20],"tags":[],"class_list":["post-29220","post","type-post","status-publish","format-standard","hentry","category-besondere-neuigkeiten"],"_links":{"self":[{"href":"https:\/\/hier-luebeck.de\/index.php\/wp-json\/wp\/v2\/posts\/29220","targetHints":{"allow":["GET"]}}],"collection":[{"href":"https:\/\/hier-luebeck.de\/index.php\/wp-json\/wp\/v2\/posts"}],"about":[{"href":"https:\/\/hier-luebeck.de\/index.php\/wp-json\/wp\/v2\/types\/post"}],"author":[{"embeddable":true,"href":"https:\/\/hier-luebeck.de\/index.php\/wp-json\/wp\/v2\/users\/3"}],"replies":[{"embeddable":true,"href":"https:\/\/hier-luebeck.de\/index.php\/wp-json\/wp\/v2\/comments?post=29220"}],"version-history":[{"count":0,"href":"https:\/\/hier-luebeck.de\/index.php\/wp-json\/wp\/v2\/posts\/29220\/revisions"}],"wp:attachment":[{"href":"https:\/\/hier-luebeck.de\/index.php\/wp-json\/wp\/v2\/media?parent=29220"}],"wp:term":[{"taxonomy":"category","embeddable":true,"href":"https:\/\/hier-luebeck.de\/index.php\/wp-json\/wp\/v2\/categories?post=29220"},{"taxonomy":"post_tag","embeddable":true,"href":"https:\/\/hier-luebeck.de\/index.php\/wp-json\/wp\/v2\/tags?post=29220"}],"curies":[{"name":"wp","href":"https:\/\/api.w.org\/{rel}","templated":true}]}}