{"id":29224,"date":"2011-02-23T16:27:51","date_gmt":"2011-02-23T15:27:51","guid":{"rendered":"http:\/\/www.hier-luebeck.de\/?p=29224"},"modified":"2011-02-23T16:27:51","modified_gmt":"2011-02-23T15:27:51","slug":"pairing-verweigerung-grune-machen-doppelzungigkeit-zum-politischen-prinzip","status":"publish","type":"post","link":"https:\/\/hier-luebeck.de\/index.php\/pairing-verweigerung-grune-machen-doppelzungigkeit-zum-politischen-prinzip\/","title":{"rendered":"Pairing-Verweigerung: Gr\u00fcne machen Doppelz\u00fcngigkeit zum politischen Prinzip"},"content":{"rendered":"<p>&#8222;&#8220;Die Gr\u00fcnen-Fraktion im Schleswig-Holsteinischen Landtag betreibt eine doppelz\u00fcngige Politik, wenn es um die Vertretung der Landesinteressen in Berlin geht. Mit der Verweigerung des sogenannten Pairing f\u00fcr Finanzminister Rainer Wiegard (Vermittlungsausschuss) und Ministerpr\u00e4sident Peter Harry Carstensen (Bundesrat) wird deutlich, dass Schaufenster-Effekte den Gr\u00fcnen wichtiger sind, als die Interessen von Hartz-IV-Empf\u00e4ngern und finanzschwachen Kommunen.<!--more--> Die Fraktionsf\u00fchrung der Gr\u00fcnen sollte dar\u00fcber nachdenken, ob sie die demokratische Kultur im Parlament dauerhaft besch\u00e4digen will.&#8220;&#8220;<\/p>\n<p>Mit diesen Worten reagierte Regierungssprecher Knut Peters heute (25. Februar) auf die Weigerung der Gr\u00fcnen-Landtagsfraktion, einen Stimmen-Ausgleich (Pairing) f\u00fcr die Abwesenheit des Ministerpr\u00e4sidenten und des Finanzministers zu sichern, solange beide in dieser Woche an wichtigen Beratungen des Vermittlungsausschusses und des Bundesrates teilnehmen.<\/p>\n<p>In der Nacht zum Mittwoch hatte Finanzminister Rainer Wiegard seine Teilnahme an den abschlie\u00dfenden Beratungen des Vermittlungsausschusses zur Reform des Sozialgesetzbuches (sog. Hartz-IV-Reform), wo er die Interessen der schleswig-holsteinischen Kommunen vertreten wollte, abbrechen m\u00fcssen, um sein Mandat im Landtag wahrzunehmen. An der Fortsetzung der Ausschuss-Sitzung am Mittwochvormittag konnte er nicht mehr teilnehmen, da die Gr\u00fcnen-Fraktion ein Pairing nur noch bei Erkrankung von Ministern zul\u00e4sst, nicht jedoch f\u00fcr die Teilnahme an wichtigen Sitzungen im Landesinteresse. Auch f\u00fcr die Sondersitzung des Bundesrates am Freitag (25.2.) kam von den Gr\u00fcnen ein &#8222;Nein&#8220;. Damit verhindert die Gr\u00fcnen-Fraktion, dass der Ministerpr\u00e4sident an der Sitzung der L\u00e4nderkammer teilnehmen kann.<\/p>\n<p>&#8222;&#8220;Gleichzeitig fordern die Gr\u00fcnen die Landesregierung auf, die Interessen Schleswig-Holsteins in Berlin wirksam zu vertreten. Solche taktischen Man\u00f6ver sind kein Ausdruck von politischer Reife, sondern schlicht scheinheilig. Es w\u00e4re im Interesse Schleswig-Holsteins, wenn die Gr\u00fcnen dieses billige Spielchen schnell beenden&#8220;&#8220;, so der Regierungssprecher.<\/p>\n","protected":false},"excerpt":{"rendered":"<p>&#8222;&#8220;Die Gr\u00fcnen-Fraktion im Schleswig-Holsteinischen Landtag betreibt eine doppelz\u00fcngige Politik, wenn es um die Vertretung der Landesinteressen in Berlin geht. Mit<\/p>\n","protected":false},"author":3,"featured_media":0,"comment_status":"open","ping_status":"open","sticky":false,"template":"","format":"standard","meta":{"colormag_page_container_layout":"default_layout","colormag_page_sidebar_layout":"default_layout","footnotes":""},"categories":[5],"tags":[],"class_list":["post-29224","post","type-post","status-publish","format-standard","hentry","category-politik-wirtschaft"],"_links":{"self":[{"href":"https:\/\/hier-luebeck.de\/index.php\/wp-json\/wp\/v2\/posts\/29224","targetHints":{"allow":["GET"]}}],"collection":[{"href":"https:\/\/hier-luebeck.de\/index.php\/wp-json\/wp\/v2\/posts"}],"about":[{"href":"https:\/\/hier-luebeck.de\/index.php\/wp-json\/wp\/v2\/types\/post"}],"author":[{"embeddable":true,"href":"https:\/\/hier-luebeck.de\/index.php\/wp-json\/wp\/v2\/users\/3"}],"replies":[{"embeddable":true,"href":"https:\/\/hier-luebeck.de\/index.php\/wp-json\/wp\/v2\/comments?post=29224"}],"version-history":[{"count":0,"href":"https:\/\/hier-luebeck.de\/index.php\/wp-json\/wp\/v2\/posts\/29224\/revisions"}],"wp:attachment":[{"href":"https:\/\/hier-luebeck.de\/index.php\/wp-json\/wp\/v2\/media?parent=29224"}],"wp:term":[{"taxonomy":"category","embeddable":true,"href":"https:\/\/hier-luebeck.de\/index.php\/wp-json\/wp\/v2\/categories?post=29224"},{"taxonomy":"post_tag","embeddable":true,"href":"https:\/\/hier-luebeck.de\/index.php\/wp-json\/wp\/v2\/tags?post=29224"}],"curies":[{"name":"wp","href":"https:\/\/api.w.org\/{rel}","templated":true}]}}