{"id":292874,"date":"2019-09-09T10:45:00","date_gmt":"2019-09-09T10:45:00","guid":{"rendered":"http:\/\/www.hier-luebeck.de\/politik-wirtschaft\/ass-radio-praesentiert-auf-der-fruehstueckstour-neue-studienergebnisse-zum-audio-universum\/"},"modified":"2019-09-09T10:45:00","modified_gmt":"2019-09-09T10:45:00","slug":"ass-radio-praesentiert-auf-der-fruehstueckstour-neue-studienergebnisse-zum-audio-universum","status":"publish","type":"post","link":"https:\/\/hier-luebeck.de\/index.php\/ass-radio-praesentiert-auf-der-fruehstueckstour-neue-studienergebnisse-zum-audio-universum\/","title":{"rendered":"AS&amp;S Radio pr\u00e4sentiert auf der Fr\u00fchst\u00fcckstour neue Studienergebnisse zum Audio-Universum"},"content":{"rendered":"<p>Frankfurt am Main (ots) &#8211; Der Audio-Boom h\u00e4lt an, das belegt nicht nur die Dynamik im Podcast-Markt, sondern auch die ungebrochen starke Nutzung von klassischem Radio: T\u00e4glich schalten 54 Mio. Menschen das  Radio ein &#8211; das entspricht 76,5 Prozent der Bev\u00f6lkerung.<!--more--> Daher wird  auch f\u00fcr Unternehmen Radio immer wichtiger, um auch in wirtschaftlich schwierigen Zeiten Marke und Abverkauf erfolgreich zu stimulieren.  Auf ihrer neuen Fr\u00fchst\u00fcckstour &#8222;Ausblick 2020&#8220; durch die gro\u00dfen  deutschen Agenturst\u00e4dte wird AS&amp;S Radio in diesem Jahr das aktuelle  Vermarktungsangebot rund um die AS&amp;S Radio Deutschland-Kombis  pr\u00e4sentieren. Dar\u00fcber hinaus pr\u00e4sentieren die Vermarktungsexperten  Beispiel-Cases, die nachweisen, wie sich mit den Qualit\u00e4ts-Effekten  des AS&amp;S Radio-Portfolios noch bessere Kampagnenwirkungen erzielen  lassen.     Im Mittelpunkt der Markforschungsergebnisse stehen in diesem Jahr  zwei neue gro\u00dfe Marktuntersuchungen: Die Studie &#8222;Audioversum 2020&#8220;  analysiert den Wandel im Audio-Markt und zeigt auf, welchen Mehrwert  Werbungtreibende daraus f\u00fcr die Mediaplanung ziehen k\u00f6nnen. Mit der  Werbewirkungsforschung &#8222;Audio Assets &amp; Brand Building&#8220; belegen die  AS&amp;S Radio-Forscher, wie mit Radiokampagnen ein erfolgreicher Beitrag zum Imageaufbau geleistet werden kann. &#8222;Nachdem der erstaunliche Hype um die eine oder andere Influencer-Ikone wieder einem n\u00fcchternen  Realismus gewichen ist und digitale Mikro-M\u00e4rkte weiterhin an ihren  Defiziten in Sachen Durchschlagskraft zu operieren haben, r\u00fccken die  gro\u00dfen Reichweitenmedien wie Radio noch st\u00e4rker in den Fokus der  Werbungtreibenden&#8220;, sagt Oliver Adrian, Gesch\u00e4ftsf\u00fchrer AS&amp;S Radio.  &#8222;Gerade in wirtschaftlichen Transformationsphasen sind Aspekte wie  Reichweite, Werbewirkung, Aufmerksamkeit, Abverkauf und der Return of Investment von besonderer Bedeutung f\u00fcr die Markt-Performance der  Unternehmen. Welchen Beitrag Radio hier im Mediamix leisten kann,  werden wir auf unserer Tour detailliert nachweisen.&#8220;     Durch das Programm f\u00fchrt an allen vier Standorten YOU  FM-Moderatorin Susanka.     Die Termine:     31. Oktober 2019:  Westhafen Pier 1, Frankfurt am Main    05. November 2019: Trend Studio &amp; Loft, Hamburg    08. November 2019: Sturmfreie Bude, D\u00fcsseldorf    12. November 2019: Isartalstudio, M\u00fcnchen     Anmeldung unter: www.ass-radio.de\/ausblick2020 (Die  Anmeldem\u00f6glichkeiten zur Fr\u00fchst\u00fcckstour sind zahlenm\u00e4\u00dfig limitiert,  daher erfolgt die Registrierung vorbehaltlich der Zustimmung durch  die AS&amp;S Radio)     Das Vermarktungsportfolio der AS&amp;S Radio mit seinem einzigartigen  Angebot aus \u00f6ffentlich-rechtlichen und privaten Sendern sowie  innovativen Online Audio-Angeboten steht f\u00fcr starke Reichweiten,  kaufkr\u00e4ftige Zielgruppen und effizienten Mitteleinsatz. Die AS&amp;S  Radio ist eine 100-prozentige Tochter der ARD-Werbung SALES &amp;  SERVICES GmbH (AS&amp;S). Infos zum Unternehmen und seinem  Vermarktungsangebot finden sich unter www.ass-radio.de.    Pressekontakt: Norbert R\u00fcdell Pressesprecher Telefon: 069\/15424-218 Mobil: 0160\/96930306 norbert.ruedell@ard-werbung.de  Original-Content von: ARD-Werbung, \u00fcbermittelt durch news aktuell<\/p>\n<p>Quelle: <a href=\"https:\/\/www.presseportal.de\/pm\/111674\/4369730\" target=\"_blank\" rel=\"noopener noreferrer\">presseportal.de<\/a><\/p>\n","protected":false},"excerpt":{"rendered":"<p>Frankfurt am Main (ots) &#8211; Der Audio-Boom h\u00e4lt an, das belegt nicht nur die Dynamik im Podcast-Markt, sondern auch die<\/p>\n","protected":false},"author":3,"featured_media":0,"comment_status":"open","ping_status":"open","sticky":false,"template":"","format":"standard","meta":{"colormag_page_container_layout":"default_layout","colormag_page_sidebar_layout":"default_layout","footnotes":""},"categories":[5],"tags":[],"class_list":["post-292874","post","type-post","status-publish","format-standard","hentry","category-politik-wirtschaft"],"_links":{"self":[{"href":"https:\/\/hier-luebeck.de\/index.php\/wp-json\/wp\/v2\/posts\/292874","targetHints":{"allow":["GET"]}}],"collection":[{"href":"https:\/\/hier-luebeck.de\/index.php\/wp-json\/wp\/v2\/posts"}],"about":[{"href":"https:\/\/hier-luebeck.de\/index.php\/wp-json\/wp\/v2\/types\/post"}],"author":[{"embeddable":true,"href":"https:\/\/hier-luebeck.de\/index.php\/wp-json\/wp\/v2\/users\/3"}],"replies":[{"embeddable":true,"href":"https:\/\/hier-luebeck.de\/index.php\/wp-json\/wp\/v2\/comments?post=292874"}],"version-history":[{"count":0,"href":"https:\/\/hier-luebeck.de\/index.php\/wp-json\/wp\/v2\/posts\/292874\/revisions"}],"wp:attachment":[{"href":"https:\/\/hier-luebeck.de\/index.php\/wp-json\/wp\/v2\/media?parent=292874"}],"wp:term":[{"taxonomy":"category","embeddable":true,"href":"https:\/\/hier-luebeck.de\/index.php\/wp-json\/wp\/v2\/categories?post=292874"},{"taxonomy":"post_tag","embeddable":true,"href":"https:\/\/hier-luebeck.de\/index.php\/wp-json\/wp\/v2\/tags?post=292874"}],"curies":[{"name":"wp","href":"https:\/\/api.w.org\/{rel}","templated":true}]}}