{"id":292876,"date":"2019-09-09T10:30:03","date_gmt":"2019-09-09T10:30:03","guid":{"rendered":"http:\/\/www.hier-luebeck.de\/politik-wirtschaft\/richtungsweisende-urteile-im-pflanzenschutzrecht-verwaltungsgericht-braunschweig-erklaert-biodiv-anwendungsbestimmungen-fuer-rechtswidrig\/"},"modified":"2019-09-09T10:30:03","modified_gmt":"2019-09-09T10:30:03","slug":"richtungsweisende-urteile-im-pflanzenschutzrecht-verwaltungsgericht-braunschweig-erklaert-biodiv-anwendungsbestimmungen-fuer-rechtswidrig","status":"publish","type":"post","link":"https:\/\/hier-luebeck.de\/index.php\/richtungsweisende-urteile-im-pflanzenschutzrecht-verwaltungsgericht-braunschweig-erklaert-biodiv-anwendungsbestimmungen-fuer-rechtswidrig\/","title":{"rendered":"Richtungsweisende Urteile im Pflanzenschutzrecht \/ Verwaltungsgericht Braunschweig erkl\u00e4rt &#8222;Biodiv&#8220;-Anwendungsbestimmungen f\u00fcr rechtswidrig"},"content":{"rendered":"<p>Frankfurt\/Main (ots) &#8211; In zwei vom Verwaltungsgericht (VG)  Braunschweig in der vergangenen Woche als Musterverfahren zusammen  behandelten Klagen von Pflanzenschutzmittel-Herstellern ist deren  Antr\u00e4gen stattgegeben worden.<!--more--> Diese hatten gegen neue, vom  Umweltbundesamt (UBA) ab dem 1. Januar 2020 geforderte  Anwendungsbestimmungen geklagt, die unter anderem festlegten, dass  Landwirte die betreffenden zugelassenen Pflanzenschutzmittel nur dann anwenden d\u00fcrfen, wenn sie 10 Prozent ihrer gesamten Ackerfl\u00e4che als  sogenannte Biodiversit\u00e4tsfl\u00e4chen vorhalten.     Nach Ansicht des Gerichts versto\u00dfen diese Anwendungsbestimmungen  gegen europ\u00e4isches Gemeinschaftsrecht, insbesondere den  Harmonisierungsgedanken der EU-Verordnung \u00fcber das Inverkehrbringen  von Pflanzenschutzmitteln (Verordnung 1107\/2009). Das VG Braunschweig verpflichtete das Bundesamt f\u00fcr Verbraucherschutz und  Lebensmittelsicherheit (BVL) daher, die Zulassungen f\u00fcr die beiden  Mittel ohne die Anwendungsbestimmungen \u00fcber den 31. Dezember 2019  hinaus zu erteilen.     Nach Information des Industrieverbands Agrar e. V. (IVA) sind noch zahlreiche Widerspr\u00fcche und Klagen gegen Zulassungsbescheide mit den  entsprechenden Anwendungsbestimmungen anh\u00e4ngig. Der  Wirtschaftsverband geht davon aus, dass diese mit Blick auf die zum  31. Dezember 2019 auslaufenden Zulassungen nun unverz\u00fcglich  abgeschlossen und die Zulassungen entsprechend den Entscheidungen des VG Braunschweig in den Musterverfahren erteilt werden.     Pressemitteilung des VG Braunschweig: http:\/\/ots.de\/EKB2Nw    Pressekontakt: Industrieverband Agrar e. V., Pressestelle Martin May Tel. +49 69 2556-1249 oder +49 151 54417692 Fax +49 69 2556-1298 E-Mail: may.iva@vci.de https:\/\/www.iva.de https:\/\/twitter.com\/IVA_Presse  Original-Content von: Industrieverband Agrar e.V. (IVA), \u00fcbermittelt durch news aktuell<\/p>\n<p>Quelle: <a href=\"https:\/\/www.presseportal.de\/pm\/16070\/4369687\" target=\"_blank\" rel=\"noopener noreferrer\">presseportal.de<\/a><\/p>\n","protected":false},"excerpt":{"rendered":"<p>Frankfurt\/Main (ots) &#8211; In zwei vom Verwaltungsgericht (VG) Braunschweig in der vergangenen Woche als Musterverfahren zusammen behandelten Klagen von Pflanzenschutzmittel-Herstellern<\/p>\n","protected":false},"author":3,"featured_media":0,"comment_status":"open","ping_status":"open","sticky":false,"template":"","format":"standard","meta":{"colormag_page_container_layout":"default_layout","colormag_page_sidebar_layout":"default_layout","footnotes":""},"categories":[5],"tags":[],"class_list":["post-292876","post","type-post","status-publish","format-standard","hentry","category-politik-wirtschaft"],"_links":{"self":[{"href":"https:\/\/hier-luebeck.de\/index.php\/wp-json\/wp\/v2\/posts\/292876","targetHints":{"allow":["GET"]}}],"collection":[{"href":"https:\/\/hier-luebeck.de\/index.php\/wp-json\/wp\/v2\/posts"}],"about":[{"href":"https:\/\/hier-luebeck.de\/index.php\/wp-json\/wp\/v2\/types\/post"}],"author":[{"embeddable":true,"href":"https:\/\/hier-luebeck.de\/index.php\/wp-json\/wp\/v2\/users\/3"}],"replies":[{"embeddable":true,"href":"https:\/\/hier-luebeck.de\/index.php\/wp-json\/wp\/v2\/comments?post=292876"}],"version-history":[{"count":0,"href":"https:\/\/hier-luebeck.de\/index.php\/wp-json\/wp\/v2\/posts\/292876\/revisions"}],"wp:attachment":[{"href":"https:\/\/hier-luebeck.de\/index.php\/wp-json\/wp\/v2\/media?parent=292876"}],"wp:term":[{"taxonomy":"category","embeddable":true,"href":"https:\/\/hier-luebeck.de\/index.php\/wp-json\/wp\/v2\/categories?post=292876"},{"taxonomy":"post_tag","embeddable":true,"href":"https:\/\/hier-luebeck.de\/index.php\/wp-json\/wp\/v2\/tags?post=292876"}],"curies":[{"name":"wp","href":"https:\/\/api.w.org\/{rel}","templated":true}]}}