{"id":292907,"date":"2019-09-09T11:00:00","date_gmt":"2019-09-09T11:00:00","guid":{"rendered":"http:\/\/www.hier-luebeck.de\/politik-wirtschaft\/grosse-mehrheit-der-eltern-befuerwortet-impfpflicht-gegen-masern-foto\/"},"modified":"2019-09-09T11:00:00","modified_gmt":"2019-09-09T11:00:00","slug":"grosse-mehrheit-der-eltern-befuerwortet-impfpflicht-gegen-masern-foto","status":"publish","type":"post","link":"https:\/\/hier-luebeck.de\/index.php\/grosse-mehrheit-der-eltern-befuerwortet-impfpflicht-gegen-masern-foto\/","title":{"rendered":"Gro\u00dfe Mehrheit der Eltern bef\u00fcrwortet Impfpflicht gegen Masern (FOTO)"},"content":{"rendered":"<p><img decoding=\"async\" class=\"alignleft size-full\" src=\"https:\/\/cache.pressmailing.net\/thumbnail\/story_big\/3c3bddca-c089-448f-8d83-7aeb943cea70\/BKK%20infografik%20Impungen%20GR.jpg\" \/><\/p>\n<p>Leverkusen (ots) &#8211;     Rund acht von zehn Eltern bef\u00fcrworten, dass Kinder gegen Masern  geimpft werden m\u00fcssen. Etwa vier von zehn Befragten erwarten zudem,  dass diese Pflicht auf alle Impfungen ausgeweitet wird, die f\u00fcr den  Nachwuchs empfohlen werden.<!--more--> Das sind Ergebnisse der Studie &#8222;Junge  Familien 2019&#8220; der pronova BKK, f\u00fcr die 1.000 Menschen mit mindestens einem Kind unter zehn Jahren im Haushalt befragt wurden.     Demnach lehnen nur sieben Prozent jeglichen Impfzwang ab und sind  der Ansicht, dass eine Entscheidung daf\u00fcr oder dagegen einzig und  allein im Verantwortungsbereich der Eltern liege. 18 Prozent sagen,  sie k\u00f6nnten die Gr\u00fcnde der Impfgegner zumindest nachvollziehen.  &#8222;Unsere Studie zeigt, dass das Thema zumindest unter Eltern weniger  umstritten ist, als es die mediale Auseinandersetzung in den  vergangenen Wochen und Monaten vermuten lie\u00df&#8220;, sagt Dr. Gerd Herold,  Beratungsarzt der pronova BKK.     Das Bundeskabinett hat die Masern-Impfpflicht Mitte Juli  verabschiedet. Der Gesetzentwurf sieht vor, dass ab M\u00e4rz 2020 Kinder  nur dann in Kinderg\u00e4rten und Schulen aufgenommen werden d\u00fcrfen, wenn  sie gegen Masern geimpft sind. Die Impfpflicht gilt auch f\u00fcr  Tagesm\u00fctter und das Personal in Schulen, Kitas, in der Medizin und in Gemeinschaftseinrichtungen. Der Impfschutz muss laut Gesetzesentwurf  bis sp\u00e4testens 31. Juli 2021 nachgewiesen werden. Bei Verst\u00f6\u00dfen  drohen Bu\u00dfgelder von bis zu 2.500 Euro. Der Bundestag muss dem  Gesetzentwurf noch zustimmen. Insbesondere von Impfgegnern wird das  Gesetz strikt abgelehnt.     Klare Haltung von Seiten der Eltern      &#8222;Junge Familien, die das Thema Impfungen am st\u00e4rksten betrifft,  positionieren sich in unserer Befragung eindeutig: Die gro\u00dfe Mehrheit der Eltern wei\u00df um die Schutzwirkung der Masernimpfung und m\u00f6chte sie nicht missen. Die bestehende Impfl\u00fccke macht daher vielen Eltern  Sorgen&#8220;, berichtet Herold von der pronova BKK. Laut Robert  Koch-Institut (RKI) sind rund 93 Prozent der Schulanf\u00e4nger wie  empfohlen zwei Mal gegen Masern geimpft. Angestrebt wird eine  Impfquote von 95 Prozent, damit die so genannte Herdenimmunit\u00e4t  gew\u00e4hrleistet ist. Das bedeutet, dass die hochansteckende Krankheit  sich nicht weiter ausbreiten kann und auch Menschen gesch\u00fctzt sind,  die nicht geimpft werden k\u00f6nnen &#8211; zum Beispiel S\u00e4uglinge, die f\u00fcr  eine Masernschutzimpfung noch zu jung sind.     Impfen besch\u00e4ftigt Familien im Alltag      Jede vierte Familie berichtet, dass es in ihrem Alltag schon  einmal Diskussionen oder Probleme rund um das Thema Impfen gab. So  waren bei zehn Prozent der Befragten unterschiedliche Standpunkte im  Familien- oder Freundeskreis Gespr\u00e4chsthema. Sieben Prozent haben die Erfahrung gemacht, dass ein ungeimpftes Kind ein anderes oder einen  Erwachsenen angesteckt hat. Impfskeptiker begr\u00fcnden ihre ablehnende  Haltung vor allem mit m\u00f6glichen Nebenwirkungen oder Komplikationen &#8211;  in der Praxis haben laut der Umfrage jedoch lediglich vier Prozent  der Eltern schon einmal unerw\u00fcnschte Begleiterscheinungen nach einer  Impfung bei ihrem Kind beobachtet. &#8222;Es ist wichtig, das Thema Impfen  sachlich zu diskutieren und Aufkl\u00e4rungsarbeit zu leisten. In der  Debatte beobachten wir, dass mitunter \u00c4ngste gesch\u00fcrt werden, die mit Fakten ausger\u00e4umt werden k\u00f6nn(t)en&#8220;, so Herold von der pronova BKK.     Zur Studie      Die Studie &#8222;Junge Familien 2019&#8220; wurde im Juli 2019 im Auftrag der pronova BKK im Rahmen einer Online-Befragung durchgef\u00fchrt und ist  erstmals 2015 erschienen. Bundesweit wurden 1.000 Menschen in  Deutschland ab 18 Jahren befragt, in deren Haushalt mindesten ein  Kind unter zehn Jahren lebt.     \u00dcber die pronova BKK      Die pronova BKK ist aus Zusammenschl\u00fcssen der  Betriebskrankenkassen namhafter Weltkonzerne wie BASF, Bayer,  Continental und Ford entstanden. Bundesweit f\u00fcr alle Interessenten  ge\u00f6ffnet, vertrauen der Krankenkasse bereits \u00fcber 660.000 Versicherte ihre Gesundheit an. Ob per App, im Chat, \u00fcber das rund um die Uhr  erreichbare Servicetelefon oder in den 60 Kundenservices vor Ort &#8211;  die pronova BKK k\u00fcmmert sich jederzeit um die Anliegen ihrer  Kundinnen und Kunden. Weitere Informationen auf pronovabkk.de.    Pressekontakt: Ulrich Rosendahl Tel.: 0214 32296-3700 Fax: 0214 32296-9700 E-Mail: presse@pronovabkk.de  Original-Content von: pronova BKK, \u00fcbermittelt durch news aktuell<\/p>\n<p>Quelle: <a href=\"https:\/\/www.presseportal.de\/pm\/119123\/4369761\" target=\"_blank\" rel=\"noopener noreferrer\">presseportal.de<\/a><\/p>\n","protected":false},"excerpt":{"rendered":"<p>Leverkusen (ots) &#8211; Rund acht von zehn Eltern bef\u00fcrworten, dass Kinder gegen Masern geimpft werden m\u00fcssen. Etwa vier von zehn<\/p>\n","protected":false},"author":3,"featured_media":0,"comment_status":"open","ping_status":"open","sticky":false,"template":"","format":"standard","meta":{"colormag_page_container_layout":"default_layout","colormag_page_sidebar_layout":"default_layout","footnotes":""},"categories":[5],"tags":[],"class_list":["post-292907","post","type-post","status-publish","format-standard","hentry","category-politik-wirtschaft"],"_links":{"self":[{"href":"https:\/\/hier-luebeck.de\/index.php\/wp-json\/wp\/v2\/posts\/292907","targetHints":{"allow":["GET"]}}],"collection":[{"href":"https:\/\/hier-luebeck.de\/index.php\/wp-json\/wp\/v2\/posts"}],"about":[{"href":"https:\/\/hier-luebeck.de\/index.php\/wp-json\/wp\/v2\/types\/post"}],"author":[{"embeddable":true,"href":"https:\/\/hier-luebeck.de\/index.php\/wp-json\/wp\/v2\/users\/3"}],"replies":[{"embeddable":true,"href":"https:\/\/hier-luebeck.de\/index.php\/wp-json\/wp\/v2\/comments?post=292907"}],"version-history":[{"count":0,"href":"https:\/\/hier-luebeck.de\/index.php\/wp-json\/wp\/v2\/posts\/292907\/revisions"}],"wp:attachment":[{"href":"https:\/\/hier-luebeck.de\/index.php\/wp-json\/wp\/v2\/media?parent=292907"}],"wp:term":[{"taxonomy":"category","embeddable":true,"href":"https:\/\/hier-luebeck.de\/index.php\/wp-json\/wp\/v2\/categories?post=292907"},{"taxonomy":"post_tag","embeddable":true,"href":"https:\/\/hier-luebeck.de\/index.php\/wp-json\/wp\/v2\/tags?post=292907"}],"curies":[{"name":"wp","href":"https:\/\/api.w.org\/{rel}","templated":true}]}}