{"id":29298,"date":"2011-02-25T15:56:38","date_gmt":"2011-02-25T14:56:38","guid":{"rendered":"http:\/\/www.hier-luebeck.de\/?p=29298"},"modified":"2011-02-25T15:56:38","modified_gmt":"2011-02-25T14:56:38","slug":"pol-hl-hl-buntekuh-kutterweg-zeugen-gesucht-nach-uberfall-auf-taxifahrer","status":"publish","type":"post","link":"https:\/\/hier-luebeck.de\/index.php\/pol-hl-hl-buntekuh-kutterweg-zeugen-gesucht-nach-uberfall-auf-taxifahrer\/","title":{"rendered":"POL-HL: HL &#8211; Buntekuh, Kutterweg \/ Zeugen gesucht nach \u00dcberfall auf Taxifahrer"},"content":{"rendered":"<p><a rel=\"attachment wp-att-10985\" href=\"http:\/\/www.hier-luebeck.de\/2010\/02\/pol-hl-hl-st-jurgen-rotloscherstrase-polizei-nimmt-einbrecher-fest\/funkstreifers-13\/\"><img loading=\"lazy\" decoding=\"async\" class=\"alignleft size-full wp-image-10985\" title=\"FunkstreifeRS\" src=\"http:\/\/www.hier-luebeck.de\/wp-content\/uploads\/2010\/02\/FunkstreifeRS6.JPG\" alt=\"\" width=\"220\" height=\"165\" \/><\/a>L\u00fcbeck (ots) &#8211; Zwei unbekannte M\u00e4nner \u00fcberfielen am Freitag, gegen 03.30 Uhr, einen 65-j\u00e4hrigen Funktaxenfahrer im Kutterweg im L\u00fcbecker Stadtteil Buntekuh.<!--more--><\/p>\n<p>Nach bisherigen Ermittlungen hatte der Taxifahrer die &#8222;Tour&#8220; von der Funktaxenzentrale kurz zuvor erhalten und die beiden jungen M\u00e4nner  &#8211; im Alter von 25 Jahren &#8211; an der Ecke Ziegelstra\u00dfe\/Korvettenstra\u00dfe aufgenommen.<\/p>\n<p>Eine Person setzte sich auf den Beifahrersitz, w\u00e4hrend der zweite Mann hinten einstieg und direkt hinter den Fahrersitz rutschte. \u00dcber den Kutterweg wollten die beiden Fahrg\u00e4ste dann zu einer Gastst\u00e4tte in die Innenstadt gefahren werden.<\/p>\n<p>Als der Taxifahrer Im Wendehammer des Kutterwegs seinen Wagen angehalten hatte erhielt er pl\u00f6tzlich von hinten einen Schlag mit einer Glasflasche gegen den Kopf und Armbereich. Da die Flasche dabei vermutlich zersplitterte, erlitt der 65-J\u00e4hrige eine tiefe Schnittverletzung an der rechten Hand.<\/p>\n<p>Die beiden M\u00e4nner fl\u00fcchteten anschlie\u00dfend, offenbar ohne Raubgut, aus dem Taxi &#8211; einem VW Touran &#8211; in Richtung Kutterweg. Das Opfer informierte die Polizei \u00fcber Handy. Die anschlie\u00dfende Fahndung verlief erfolglos. Der verletzte Taxifahrer wurde zur medizinischen Versorgung in die Uniklinik L\u00fcbeck gebracht und von dort nach ambulanter Behandlung wieder entlassen.<\/p>\n<p>Die beiden Tatverd\u00e4chtigen sind auffallend schlank, zirka 25 Jahre alt und zwischen 170 cm und 180 cm gro\u00df. Eine Person war mit einer dunklen Kapuzenjacke bekleidet.<\/p>\n<p>Das Kommissariat 13 hat die Ermittlungen aufgenommen und bittet unter 0451-131-0 um sachdienliche Hinweise.<\/p>\n","protected":false},"excerpt":{"rendered":"<p>L\u00fcbeck (ots) &#8211; Zwei unbekannte M\u00e4nner \u00fcberfielen am Freitag, gegen 03.30 Uhr, einen 65-j\u00e4hrigen Funktaxenfahrer im Kutterweg im L\u00fcbecker Stadtteil<\/p>\n","protected":false},"author":3,"featured_media":0,"comment_status":"open","ping_status":"open","sticky":false,"template":"","format":"standard","meta":{"colormag_page_container_layout":"default_layout","colormag_page_sidebar_layout":"default_layout","footnotes":""},"categories":[20],"tags":[],"class_list":["post-29298","post","type-post","status-publish","format-standard","hentry","category-besondere-neuigkeiten"],"_links":{"self":[{"href":"https:\/\/hier-luebeck.de\/index.php\/wp-json\/wp\/v2\/posts\/29298","targetHints":{"allow":["GET"]}}],"collection":[{"href":"https:\/\/hier-luebeck.de\/index.php\/wp-json\/wp\/v2\/posts"}],"about":[{"href":"https:\/\/hier-luebeck.de\/index.php\/wp-json\/wp\/v2\/types\/post"}],"author":[{"embeddable":true,"href":"https:\/\/hier-luebeck.de\/index.php\/wp-json\/wp\/v2\/users\/3"}],"replies":[{"embeddable":true,"href":"https:\/\/hier-luebeck.de\/index.php\/wp-json\/wp\/v2\/comments?post=29298"}],"version-history":[{"count":0,"href":"https:\/\/hier-luebeck.de\/index.php\/wp-json\/wp\/v2\/posts\/29298\/revisions"}],"wp:attachment":[{"href":"https:\/\/hier-luebeck.de\/index.php\/wp-json\/wp\/v2\/media?parent=29298"}],"wp:term":[{"taxonomy":"category","embeddable":true,"href":"https:\/\/hier-luebeck.de\/index.php\/wp-json\/wp\/v2\/categories?post=29298"},{"taxonomy":"post_tag","embeddable":true,"href":"https:\/\/hier-luebeck.de\/index.php\/wp-json\/wp\/v2\/tags?post=29298"}],"curies":[{"name":"wp","href":"https:\/\/api.w.org\/{rel}","templated":true}]}}