{"id":29307,"date":"2011-02-25T16:23:49","date_gmt":"2011-02-25T15:23:49","guid":{"rendered":"http:\/\/www.hier-luebeck.de\/?p=29307"},"modified":"2011-02-25T16:23:49","modified_gmt":"2011-02-25T15:23:49","slug":"kooperationsvereinbarung-zum-qualitatsmanagement-unterzeichnet","status":"publish","type":"post","link":"https:\/\/hier-luebeck.de\/index.php\/kooperationsvereinbarung-zum-qualitatsmanagement-unterzeichnet\/","title":{"rendered":"Kooperationsvereinbarung zum Qualit\u00e4tsmanagement unterzeichnet"},"content":{"rendered":"<p>Das Bundesministerium des Innern und die Kommunale Gemeinschaftsstelle f\u00fcr Verwaltungsmanagement haben heute eine Kooperationsvereinbarung f\u00fcr den Bereich des Qualit\u00e4tsmanagements unterzeichnet. Ziel ist es, gemeinsam die Anwendung des Qualit\u00e4tsbewertungsmodells Common Assessment Framework in der \u00f6ffentlichen Verwaltung zu f\u00f6rdern.<!--more--><\/p>\n<p>Hierzu erkl\u00e4rte Staatssekret\u00e4rin Cornelia Rogall-Grothe: &#8222;Eine nachhaltige Haushaltskonsolidierung und Verwaltungsmodernisierung kann nur gelingen, wenn dabei auch die Qualit\u00e4t unserer Arbeit gew\u00e4hrleistet wird. Das ist f\u00fcr jede Beh\u00f6rde eine Herausforderung. Mit einer Selbstbewertung, wie dem Common Assessment Framework, kann ein erster Schritt zu einem solchen Qualit\u00e4tsmanagement eingeleitet werden. Die heute unterzeichnete Kooperationsvereinbarung mit der Kommunalen Gemeinschaftsstelle f\u00fcr Verwaltungsmanagement er\u00f6ffnet uns die M\u00f6glichkeit, dieses pragmatische und bew\u00e4hrte Selbstbewertungsverfahren weiter bekannt zu machen und die deutschen Beh\u00f6rden Ebenen \u00fcbergreifend bei der Umsetzung zu unterst\u00fctzen.&#8220;<\/p>\n<p>Das Common Assessment Framework (CAF) ist ein leicht anwendbares Bewertungsverfahren zu allen Themenfeldern des Qualit\u00e4tsmanagements. In nur zehn Schritten lassen sich in den Beh\u00f6rden Prozesse, Verfahren und F\u00fchrung analysieren und darauf aufbauend verbessern. CAF funktioniert gleicherma\u00dfen in Kinderg\u00e4rten, Krankenh\u00e4usern, Schulen oder Ministerien.<\/p>\n","protected":false},"excerpt":{"rendered":"<p>Das Bundesministerium des Innern und die Kommunale Gemeinschaftsstelle f\u00fcr Verwaltungsmanagement haben heute eine Kooperationsvereinbarung f\u00fcr den Bereich des Qualit\u00e4tsmanagements unterzeichnet.<\/p>\n","protected":false},"author":3,"featured_media":0,"comment_status":"open","ping_status":"open","sticky":false,"template":"","format":"standard","meta":{"colormag_page_container_layout":"default_layout","colormag_page_sidebar_layout":"default_layout","footnotes":""},"categories":[20],"tags":[],"class_list":["post-29307","post","type-post","status-publish","format-standard","hentry","category-besondere-neuigkeiten"],"_links":{"self":[{"href":"https:\/\/hier-luebeck.de\/index.php\/wp-json\/wp\/v2\/posts\/29307","targetHints":{"allow":["GET"]}}],"collection":[{"href":"https:\/\/hier-luebeck.de\/index.php\/wp-json\/wp\/v2\/posts"}],"about":[{"href":"https:\/\/hier-luebeck.de\/index.php\/wp-json\/wp\/v2\/types\/post"}],"author":[{"embeddable":true,"href":"https:\/\/hier-luebeck.de\/index.php\/wp-json\/wp\/v2\/users\/3"}],"replies":[{"embeddable":true,"href":"https:\/\/hier-luebeck.de\/index.php\/wp-json\/wp\/v2\/comments?post=29307"}],"version-history":[{"count":0,"href":"https:\/\/hier-luebeck.de\/index.php\/wp-json\/wp\/v2\/posts\/29307\/revisions"}],"wp:attachment":[{"href":"https:\/\/hier-luebeck.de\/index.php\/wp-json\/wp\/v2\/media?parent=29307"}],"wp:term":[{"taxonomy":"category","embeddable":true,"href":"https:\/\/hier-luebeck.de\/index.php\/wp-json\/wp\/v2\/categories?post=29307"},{"taxonomy":"post_tag","embeddable":true,"href":"https:\/\/hier-luebeck.de\/index.php\/wp-json\/wp\/v2\/tags?post=29307"}],"curies":[{"name":"wp","href":"https:\/\/api.w.org\/{rel}","templated":true}]}}