{"id":29334,"date":"2011-02-25T17:00:17","date_gmt":"2011-02-25T16:00:17","guid":{"rendered":"http:\/\/www.hier-luebeck.de\/?p=29334"},"modified":"2011-02-26T13:54:23","modified_gmt":"2011-02-26T12:54:23","slug":"ikea-lubeck-aussagen-der-landesregierung-zum-planvorhaben-von-ikea","status":"publish","type":"post","link":"https:\/\/hier-luebeck.de\/index.php\/ikea-lubeck-aussagen-der-landesregierung-zum-planvorhaben-von-ikea\/","title":{"rendered":"Ikea L\u00fcbeck: Aussagen der Landesregierung zum Planvorhaben von Ikea"},"content":{"rendered":"<p>*\u00a0\u00a0 \u00a0Die Landesregierung unterst\u00fctzt das Planvorhaben der Firma Ikea in L\u00fcbeck-D\u00e4nischburg und die damit verbundenen Investitionen, Arbeitspl\u00e4tze und St\u00e4rkung der Region.<br \/>\n*\u00a0\u00a0 \u00a0Die Landesregierung unterst\u00fctzt das geplante Ikea M\u00f6bel- und Einrichtungshaus ohne Einschr\u00e4nkungen (25.500 Quadratmeter Verkaufsfl\u00e4che).<br \/>\n*\u00a0\u00a0 \u00a0Die Landesregierung unterst\u00fctzt den geplanten Bau- und Gartenmarkt ohne Einschr\u00e4nkungen (10.000 Quadratmeter Verkaufsfl\u00e4che).<br \/>\n*\u00a0\u00a0 \u00a0Die Landesregierung unterst\u00fctzt das Scandinavian Open Air Center. Aus landesplanerischer Sicht werden in diesem Bereich geringe Einschr\u00e4nkungen gemacht.<br \/>\n*\u00a0\u00a0 \u00a0Die Landesregierung ist aber auch Wahrer der Interessen der Innenst\u00e4dte und Ortskerne sowie der Umlandgemeinden des Oberzentrums L\u00fcbeck.<\/p>\n<p>Das hei\u00dft konkret:<!--more-->*\u00a0\u00a0 \u00a0Die Nahversorgung im Stadtgebiet L\u00fcbecks und der Umlandgemeinden muss gesichert werden.<br \/>\n*\u00a0\u00a0 \u00a0Die Attraktivit\u00e4t der Innenstadt\/Altstadt der Stadt L\u00fcbeck, die mit gro\u00dfem finanziellem Aufwand an St\u00e4dtebauf\u00f6rderungsmitteln unterst\u00fctzt wird, sowie der Innenst\u00e4dte und Ortskerne der Umlandgemeinden muss gesichert werden.<br \/>\n*\u00a0\u00a0 \u00a0Das geplante Einkaufszentrum &#8222;Scandinavian Open Air Center&#8220; wurde daher bis auf folgende Einschr\u00e4nkungen (jetzt 22.200 Quadratmeter Verkaufsfl\u00e4che statt 24.500 Quadratmeter Verkaufsfl\u00e4che) mitgetragen:<br \/>\n&#8211;\u00a0\u00a0 \u00a0Streichung von 1.300 Quadratmeter Verkaufsfl\u00e4che (von 3.300 auf 2.000 Quadratmeter Verkaufsfl\u00e4che) f\u00fcr nahversorgungsrelevante Sortimente (Fl\u00e4chen f\u00fcr Lebensmittel, Getr\u00e4nke, Drogeriewaren);<br \/>\n&#8211;\u00a0\u00a0 \u00a0Streichung von 1.000 Quadratmeter Verkaufsfl\u00e4che (von 6.000 auf 5.000 Quadratmeter Verkaufsfl\u00e4che) f\u00fcr den geplanten Fachmarkt &#8222;House of Living&#8220; der Firma Villeroy &amp; Boch);<br \/>\n&#8211;\u00a0\u00a0 \u00a0Keine Ansiedlung eines eigenst\u00e4ndigen Drogeriemarktes.<\/p>\n<p>*\u00a0\u00a0 \u00a0Zudem hat die Landesregierung der Stadt L\u00fcbeck im Interesse ihrer eigenen Innenstadt und im Interesse der Innenst\u00e4dte der Nachbargemeinden empfohlen, im Bebauungsplanverfahren zu pr\u00fcfen, ob weitere Verkaufsfl\u00e4chenreduzierungen von insgesamt 4.200 Quadratmetern vorzunehmen w\u00e4ren, die sich auf nahversorgungs- und zentrenrelevante Sortimente beziehen. Dabei handelt es sich aber nur um Hinweise, die von der Stadt L\u00fcbeck nicht verbindlich umgesetzt werden m\u00fcssen, sondern im Rahmen der Abw\u00e4gung durch die Stadt L\u00fcbeck im Bauleitplanverfahren \u00fcberwunden werden k\u00f6nnen. Diese ordnungsgem\u00e4\u00dfe Abw\u00e4gung im Bebauungsplanverfahren schafft Rechtssicherheit auch f\u00fcr den Investor.<\/p>\n<p>Kerninhalte der landesplanerischen Stellungnahme zum Planvorhaben Ikea:<\/p>\n<p>Stellungnahme<br \/>\nvom \u00a0\u00a0 \u00a0der Landesplanung<br \/>\n18.02.2011<br \/>\nPlanvorhaben:\u00a0\u00a0 \u00a0Beantragte Verkaufsfl\u00e4che\u00a0\u00a0 \u00a0Genehmigte Verkaufsfl\u00e4che<br \/>\nIkea M\u00f6bel- und Einrichtungshaus\u00a0\u00a0 \u00a025.500 Quadratmeter\u00a0\u00a0 \u00a025.500 Quadratmeter\u00a0\u00a0 \u00a0keine Einschr\u00e4nkungen<br \/>\nBau- und Gartenmarkt\u00a0\u00a0 \u00a010.000 Quadratmeter\u00a0\u00a0 \u00a010.000 Quadratmeter\u00a0\u00a0 \u00a0keine Einschr\u00e4nkungen<br \/>\nEinkaufszentrum Scandinavian Open Air Center\u00a0\u00a0 \u00a024.500 Quadratmeter\u00a0\u00a0 \u00a022.200 Quadratmeter\u00a0\u00a0 \u00a0\u00d8\u00a0\u00a0 \u00a0-1.300 Quadratmeter<br \/>\n(jetzt 2.000 Quadrat-meter statt 3.300 Quadratmeter Verkaufsfl\u00e4che) f\u00fcr nahversorgungs-relevante Sortimente (Fl\u00e4chen f\u00fcr Lebensmittel, Getr\u00e4nke, Drogeriewaren);<\/p>\n<p>\u00d8\u00a0\u00a0 \u00a0&#8211; 1.000 Quadratmeter<br \/>\n(jetzt 5.000 Quadrat-meter statt 6.000 Quadratmeter Verkaufsfl\u00e4che f\u00fcr Fachmarkt &#8222;House of Living&#8220; der Firma. Villeroy &amp; Boch);<\/p>\n<p>\u00d8\u00a0\u00a0 \u00a0kein eigenst\u00e4ndiger Drogeriemarkt.<br \/>\nGesamt:\u00a0\u00a0 \u00a060.000 Quadratmeter\u00a0\u00a0 \u00a057.700 Quadratmeter\u00a0\u00a0 \u00a02.300<br \/>\nQuadratmeter<\/p>\n<p>Die Landesregierung ist als Ergebnis des heutigen Gespr\u00e4chs bereit, auf die Streichung von 1.000 Quadratmeter Verkaufsfl\u00e4che f\u00fcr den geplanten Fachmarkt &#8222;House of Living&#8220; der Fa. Villeroy &amp; Boch zu verzichten, wenn in der Bauleitplanung sichergestellt wird, dass der Anteil der zentrenrelevanten Sortimente (Haushaltswaren wie Glas, Keramik, Porzellan, Geschenkartikel, Wohnaccessoires) einen Anteil von 50 Prozent der Verkaufsfl\u00e4che nicht \u00fcbersteigt.<\/p>\n<p>Die Landesregierung ist bereit, auf die Streichung von 1.300 Quadratmeter Verkaufsfl\u00e4che f\u00fcr nahversorgungsrelevante Sortimente zu verzichten.<\/p>\n<p>Ikea erkl\u00e4rt sich damit einverstanden, auf die Ansiedlung eines eigenst\u00e4ndigen Drogeriemarktes zu verzichten.<\/p>\n<p>Die Stadt L\u00fcbeck steht in der Verantwortung, die Hinweise zur weiteren Verkaufsfl\u00e4chenreduzierung nahversorgungs- und zentrenrelevanter Sortimente (Lebensmittel, Textilien, Schuhe, Unterhaltungselektronik, Haushaltswaren)\u00a0 im Rahmen des Bauleitplanverfahrens abzuw\u00e4gen und entsprechend zu gewichten.<\/p>\n<p>Folgende Verkaufsfl\u00e4chenreduzierungen (insgesamt 4.200 Quadratmeter) wurden lediglich als Hinweise empfohlen. Landesplanerische Hinweise sind f\u00fcr die planende Standortgemeinde nicht bindend. Bei der Aufstellung des Bebauungsplans m\u00fcssen diese Hinweise jedoch wieder auftauchen und von der Stadt im Rahmen des notwendigen Abw\u00e4gungsprozesses \u00fcber die einzelnen Belange, etwa des Einzelhandels in der Innenstadt, gewichtet werden.<\/p>\n<p>*\u00a0\u00a0 \u00a03.300 qm\u00a0\u00a0 \u00a0(vollst\u00e4ndige Streichung nahversorgungsrelevanter Sortimente),<br \/>\n*\u00a0\u00a0 \u00a0 200 qm\u00a0\u00a0 \u00a0(Sortiment Bekleidung \/ Schuhe \/ Accessoires),<br \/>\n*\u00a0\u00a0 \u00a0 400 qm\u00a0\u00a0 \u00a0(Sortiment Sport \/ Outdoor),<br \/>\n*\u00a0\u00a0 \u00a0 200 qm\u00a0\u00a0 \u00a0(Sortiment Elektro \/ Foto \/ Film \/ Optik \/ Wei\u00dfe Ware*) und<br \/>\n*\u00a0\u00a0 \u00a0 100 qm\u00a0\u00a0 \u00a0(Sortiment Papier \/ B\u00fcro \/ Schreibwaren \/ B\u00fccher \/ Zeitschriften).<br \/>\n* Waschmaschinen, K\u00fchlschr\u00e4nke<\/p>\n<p>Aufgabe der Landesplanung:<\/p>\n<p>*\u00a0\u00a0 \u00a0Gesetzlicher Auftrag der Landesplanung ist es eine ausgewogene Handels- und Dienstleistungsstruktur zur Versorgung der Bev\u00f6lkerung und der Wirtschaft im Lande zu gew\u00e4hrleisten. In allen Gemeinden soll auf ausreichende, wohnortnahe Einzelhandelseinrichtungen zur Deckung des t\u00e4glichen Bedarfs, insbesondere an Lebensmitteln, (Nahversorgung) hingewirkt werden.<br \/>\n*\u00a0\u00a0 \u00a0Die Landesplanung gibt im Rahmen der Schaffung der planungsrechtlichen Voraussetzungen f\u00fcr die Ansiedlung von gro\u00dffl\u00e4chigen Einzelhandelsvorhaben bekannt, ob diese mit den Zielen der Raumordnung vereinbar sind.<br \/>\n*\u00a0\u00a0 \u00a0Die Ziele der Raumordnung zur Steuerung des gro\u00dffl\u00e4chigen Einzelhandels sind im Landesentwicklungsplan 2010 (LEP) definiert.<br \/>\n*\u00a0\u00a0 \u00a0Eine wesentliche Rolle spielen aus landesplanerischer Sicht die von der Ansiedlung eines gro\u00dffl\u00e4chigen Einzelhandelsvorhabens zu erwartenden Auswirkungen auf die Einzelhandels- und Versorgungsstrukturen der Standortgemeinde, der Nachbargemeinden und der sonstigen Gemeinden im Einzugsbereich des Vorhabens:<br \/>\n&#8211;\u00a0\u00a0 \u00a0Sicherung der Nahversorgung und der Attraktivit\u00e4t der Innenst\u00e4dte\/Ortskerne der Standortgemeinde und der benachbarten Gemeinden im Einzugsbereich des Planvorhabens.<br \/>\n*\u00a0\u00a0 \u00a0Dabei muss h\u00e4ufig zwischen den wirtschaftlichen Interessen der Unternehmen einerseits und den strukturpolitischen Bed\u00fcrfnissen der Kommunen und des Landes andererseits vermittelt werden.<\/p>\n","protected":false},"excerpt":{"rendered":"<p>*\u00a0\u00a0 \u00a0Die Landesregierung unterst\u00fctzt das Planvorhaben der Firma Ikea in L\u00fcbeck-D\u00e4nischburg und die damit verbundenen Investitionen, Arbeitspl\u00e4tze und St\u00e4rkung der<\/p>\n","protected":false},"author":3,"featured_media":0,"comment_status":"open","ping_status":"open","sticky":false,"template":"","format":"standard","meta":{"colormag_page_container_layout":"default_layout","colormag_page_sidebar_layout":"default_layout","footnotes":""},"categories":[5],"tags":[],"class_list":["post-29334","post","type-post","status-publish","format-standard","hentry","category-politik-wirtschaft"],"_links":{"self":[{"href":"https:\/\/hier-luebeck.de\/index.php\/wp-json\/wp\/v2\/posts\/29334","targetHints":{"allow":["GET"]}}],"collection":[{"href":"https:\/\/hier-luebeck.de\/index.php\/wp-json\/wp\/v2\/posts"}],"about":[{"href":"https:\/\/hier-luebeck.de\/index.php\/wp-json\/wp\/v2\/types\/post"}],"author":[{"embeddable":true,"href":"https:\/\/hier-luebeck.de\/index.php\/wp-json\/wp\/v2\/users\/3"}],"replies":[{"embeddable":true,"href":"https:\/\/hier-luebeck.de\/index.php\/wp-json\/wp\/v2\/comments?post=29334"}],"version-history":[{"count":0,"href":"https:\/\/hier-luebeck.de\/index.php\/wp-json\/wp\/v2\/posts\/29334\/revisions"}],"wp:attachment":[{"href":"https:\/\/hier-luebeck.de\/index.php\/wp-json\/wp\/v2\/media?parent=29334"}],"wp:term":[{"taxonomy":"category","embeddable":true,"href":"https:\/\/hier-luebeck.de\/index.php\/wp-json\/wp\/v2\/categories?post=29334"},{"taxonomy":"post_tag","embeddable":true,"href":"https:\/\/hier-luebeck.de\/index.php\/wp-json\/wp\/v2\/tags?post=29334"}],"curies":[{"name":"wp","href":"https:\/\/api.w.org\/{rel}","templated":true}]}}