{"id":294385,"date":"2019-09-27T13:20:07","date_gmt":"2019-09-27T13:20:07","guid":{"rendered":"http:\/\/www.hier-luebeck.de\/besondere-neuigkeiten\/pol-hl-hl-st-gertrud-wesloer-bruecke-zeuge-meldet-mann-mit-schusswaffe\/"},"modified":"2019-09-27T13:20:07","modified_gmt":"2019-09-27T13:20:07","slug":"pol-hl-hl-st-gertrud-wesloer-bruecke-zeuge-meldet-mann-mit-schusswaffe","status":"publish","type":"post","link":"https:\/\/hier-luebeck.de\/index.php\/pol-hl-hl-st-gertrud-wesloer-bruecke-zeuge-meldet-mann-mit-schusswaffe\/","title":{"rendered":"POL-HL: HL-St. Gertrud-Wesloer Br\u00fccke\/\nZeuge meldet Mann mit Schusswaffe"},"content":{"rendered":"<p>L\u00fcbeck (ots) &#8211; Am gestrigen Donnerstagabend (26.09) meldete sich  ein Zeuge \u00fcber Notruf bei der Polizei. Er habe H\u00f6he Wesloer Br\u00fccke  gesehen, wie eine m\u00e4nnliche Person eine in der Hand gehaltene Pistole durchgeladen habe und sich in Richtung der Wesloer Landstra\u00dfe  entfernte. Der Mann konnte durch die eingesetzten Beamten  festgenommen und die Waffe sichergestellt werden.<!--more--> Gegen 21.30 Uhr  meldete ein Zeuge \u00fcber Notruf, dass er einen Mann mit einer  Schusswaffe in der Hand in H\u00f6he der Wesloer Br\u00fccke gesehen habe. Die  alarmierten Beamten konnten im Rahmen der Sofortfahndung im  Nahbereich eine Person antreffen, auf die die durch den Zeugen  abgegebene Beschreibung passte. Der Mann fl\u00fcchtete mit einem Fahrrad. Hierbei st\u00fcrzte er jedoch und konnte festgenommen werden.     Bei der \u00dcberpr\u00fcfung des 29-j\u00e4hrigen L\u00fcbeckers mit anschlie\u00dfender  Durchsuchung konnte zun\u00e4chst keine Pistole gefunden werden. Die  eingesetzten Beamten fanden dann jedoch eine Pistole in unmittelbarer N\u00e4he des Kontrollortes und zwar genau dort, wo die Person durch die  Beamten erstmals gesehen wurde. Bei der sichergestellten Waffe  handelt es sich um eine Schreckschusswaffe. Im Magazin befanden sich  keine Patronen.     Es wurde eine Atemalkoholkonzentration von 1,66o\/oo festgestellt  und der Konsum von Cannabis einger\u00e4umt. Eine Blutentnahme wurde  veranlasst. Zur Ausn\u00fcchterung verblieb 29-J\u00e4hrige im  Polizeigewahrsam.     Der Mann muss sich nun wegen des Verdachts der Trunkenheit im  Verkehr, wegen Vergehen gegen das Waffengesetz und das  Bet\u00e4ubungsmittelgesetz verantworten.     <\/p>\n<p>Quelle: <a href=\"https:\/\/www.presseportal.de\/blaulicht\/pm\/43738\/4387340\" target=\"_blank\" rel=\"noopener noreferrer\">presseportal.de<\/a><\/p>\n","protected":false},"excerpt":{"rendered":"<p>L\u00fcbeck (ots) &#8211; Am gestrigen Donnerstagabend (26.09) meldete sich ein Zeuge \u00fcber Notruf bei der Polizei. Er habe H\u00f6he Wesloer<\/p>\n","protected":false},"author":3,"featured_media":0,"comment_status":"open","ping_status":"open","sticky":false,"template":"","format":"standard","meta":{"colormag_page_container_layout":"default_layout","colormag_page_sidebar_layout":"default_layout","footnotes":""},"categories":[20],"tags":[],"class_list":["post-294385","post","type-post","status-publish","format-standard","hentry","category-besondere-neuigkeiten"],"_links":{"self":[{"href":"https:\/\/hier-luebeck.de\/index.php\/wp-json\/wp\/v2\/posts\/294385","targetHints":{"allow":["GET"]}}],"collection":[{"href":"https:\/\/hier-luebeck.de\/index.php\/wp-json\/wp\/v2\/posts"}],"about":[{"href":"https:\/\/hier-luebeck.de\/index.php\/wp-json\/wp\/v2\/types\/post"}],"author":[{"embeddable":true,"href":"https:\/\/hier-luebeck.de\/index.php\/wp-json\/wp\/v2\/users\/3"}],"replies":[{"embeddable":true,"href":"https:\/\/hier-luebeck.de\/index.php\/wp-json\/wp\/v2\/comments?post=294385"}],"version-history":[{"count":0,"href":"https:\/\/hier-luebeck.de\/index.php\/wp-json\/wp\/v2\/posts\/294385\/revisions"}],"wp:attachment":[{"href":"https:\/\/hier-luebeck.de\/index.php\/wp-json\/wp\/v2\/media?parent=294385"}],"wp:term":[{"taxonomy":"category","embeddable":true,"href":"https:\/\/hier-luebeck.de\/index.php\/wp-json\/wp\/v2\/categories?post=294385"},{"taxonomy":"post_tag","embeddable":true,"href":"https:\/\/hier-luebeck.de\/index.php\/wp-json\/wp\/v2\/tags?post=294385"}],"curies":[{"name":"wp","href":"https:\/\/api.w.org\/{rel}","templated":true}]}}