{"id":29491,"date":"2011-03-02T15:56:25","date_gmt":"2011-03-02T14:56:25","guid":{"rendered":"http:\/\/www.hier-luebeck.de\/?p=29491"},"modified":"2011-03-02T15:56:25","modified_gmt":"2011-03-02T14:56:25","slug":"gesundheitsministerium-startet-umfrage-zu-thema-gesundheit-im-alter","status":"publish","type":"post","link":"https:\/\/hier-luebeck.de\/index.php\/gesundheitsministerium-startet-umfrage-zu-thema-gesundheit-im-alter\/","title":{"rendered":"Gesundheitsministerium startet Umfrage zu Thema Gesundheit im Alter"},"content":{"rendered":"<p>KIEL. In einer \u00e4lter werdenden Gesellschaft \u00e4ndern sich auch die Anforderungen an die Gesundheitsversorgung. Um diese dauerhaft sicherstellen zu k\u00f6nnen, m\u00fcssen sich Angebote und gesundheitspolitische Planungen auf diese Ver\u00e4nderungen einstellen. Das Gesundheitsministerium des Landes m\u00f6chte daher einen aktuellen \u00dcberblick \u00fcber die gesundheitliche Situation \u00e4lterer Menschen in Schleswig-Holstein gewinnen.<!--more--> Deshalb werden in den kommenden Monaten rund 1.000 Personen, die mindestens 60 Jahre alt sind, zu ihrem Gesundheitszustand und ihren Gewohnheiten befragt. Die Personen wurden per Zufallsverfahren aus den Einwohner-Melde\u00e4mtern gezogen. Die Befragung findet telefonisch statt, mit der Durchf\u00fchrung hat das Ministerium ein Sozialforschungsinstitut beauftragt. Noch vor Beginn der Befragung erhalten alle ausgew\u00e4hlten Personen im Namen des Gesundheitsministeriums ein Informationsschreiben. Die Teilnahme an der Befragung ist selbstverst\u00e4ndlich freiwillig. Das Vorgehen ist zuvor mit dem Datenschutzbeauftragten des Landes abgestimmt worden.<br \/>\nZu den Fragestellungen kann beispielsweise geh\u00f6ren: Wie nutzen \u00e4lterer Menschen die Leistungen des Gesundheitssystems? Wie ist die gesundheitsbezogene Lebensqualit\u00e4t in Schleswig-Holstein? Wie verbreitet sind Hilfeleistungen durch Angeh\u00f6rige oder Nachbarn? Welchen Stellenwert hat das eigene Verhalten, beispielsweise die Ern\u00e4hrung und die k\u00f6rperliche Bewegung?<br \/>\nJe mehr Personen sich beteiligen, desto aussagekr\u00e4ftiger werden die Ergebnisse sein. Sie sollen \u2013 selbstverst\u00e4ndlich anonymisiert \u2013 in einem Bericht zusammengefasst und im kommenden Jahr ver\u00f6ffentlicht werden.<\/p>\n","protected":false},"excerpt":{"rendered":"<p>KIEL. In einer \u00e4lter werdenden Gesellschaft \u00e4ndern sich auch die Anforderungen an die Gesundheitsversorgung. Um diese dauerhaft sicherstellen zu k\u00f6nnen,<\/p>\n","protected":false},"author":3,"featured_media":0,"comment_status":"open","ping_status":"open","sticky":false,"template":"","format":"standard","meta":{"colormag_page_container_layout":"default_layout","colormag_page_sidebar_layout":"default_layout","footnotes":""},"categories":[5],"tags":[],"class_list":["post-29491","post","type-post","status-publish","format-standard","hentry","category-politik-wirtschaft"],"_links":{"self":[{"href":"https:\/\/hier-luebeck.de\/index.php\/wp-json\/wp\/v2\/posts\/29491","targetHints":{"allow":["GET"]}}],"collection":[{"href":"https:\/\/hier-luebeck.de\/index.php\/wp-json\/wp\/v2\/posts"}],"about":[{"href":"https:\/\/hier-luebeck.de\/index.php\/wp-json\/wp\/v2\/types\/post"}],"author":[{"embeddable":true,"href":"https:\/\/hier-luebeck.de\/index.php\/wp-json\/wp\/v2\/users\/3"}],"replies":[{"embeddable":true,"href":"https:\/\/hier-luebeck.de\/index.php\/wp-json\/wp\/v2\/comments?post=29491"}],"version-history":[{"count":0,"href":"https:\/\/hier-luebeck.de\/index.php\/wp-json\/wp\/v2\/posts\/29491\/revisions"}],"wp:attachment":[{"href":"https:\/\/hier-luebeck.de\/index.php\/wp-json\/wp\/v2\/media?parent=29491"}],"wp:term":[{"taxonomy":"category","embeddable":true,"href":"https:\/\/hier-luebeck.de\/index.php\/wp-json\/wp\/v2\/categories?post=29491"},{"taxonomy":"post_tag","embeddable":true,"href":"https:\/\/hier-luebeck.de\/index.php\/wp-json\/wp\/v2\/tags?post=29491"}],"curies":[{"name":"wp","href":"https:\/\/api.w.org\/{rel}","templated":true}]}}